{"id":22218,"date":"2026-05-03T11:04:22","date_gmt":"2026-05-03T14:04:22","guid":{"rendered":"https:\/\/enlamira.info\/?p=22218"},"modified":"2026-05-03T11:04:22","modified_gmt":"2026-05-03T14:04:22","slug":"patricia-bullrich-califico-de-inutil-a-kicillof-por-el-asalto-violento-a-un-nino-de-12-anos-en-la-plata","status":"publish","type":"post","link":"https:\/\/enlamira.info\/index.php\/2026\/05\/03\/patricia-bullrich-califico-de-inutil-a-kicillof-por-el-asalto-violento-a-un-nino-de-12-anos-en-la-plata\/","title":{"rendered":"Patricia Bullrich calific\u00f3 de \u201cin\u00fatil\u201d a Kicillof por el asalto violento a un ni\u00f1o de 12 a\u00f1os en La Plata"},"content":{"rendered":"\n<p><br>La senadora protagoniz\u00f3 un fuerte cruce con el ministro de Seguridad bonaerense, Javier Alonso: \u201cAsesinan ni\u00f1os, roban a mansalva y no hacen nada. No pasa nada, sin consecuencias para los delincuentes\u201d, afirm\u00f3.<\/p>\n\n\n\n<p>El caso de inseguridad acontecido en la periferia de La Plata, en el que un ni\u00f1o de 12 a\u00f1os result\u00f3 v\u00edctima de un asalto violento, deriv\u00f3 en un fuerte cruce de declaraciones entre la senadora Patricia Bullrich y el ministro de Seguridad de Axel Kicillof, Javier Alonso.<\/p>\n\n\n\n<p>La exministra de Seguridad tach\u00f3 a Alonso de \u201cno ministro\u201d y a Kicillof de \u201cinutil\u201d, a lo que el funcionario recogi\u00f3 el guante y habl\u00f3 de \u201ccampa\u00f1a sucia\u201d, a la vez que le endilg\u00f3 que, bajo su gesti\u00f3n como ministra de Seguridad de Mauricio Macri, Alberto Samid \u201cse le fug\u00f3 en canoa hacia Paraguay\u201d.<\/p>\n\n\n\n<p>\u201cYo no entiendo. El in\u00fatil de Kicillof y su no ministro de Seguridad ven esto, \u00bfy no les genera nada? \u00bfLe roban a un nene de 12 a\u00f1os violentamente y dicen que est\u00e1 todo bien?\u201d, escribi\u00f3 la senadora en X.<\/p>\n\n\n\n<p>Patricia Bullrich a\u00f1adi\u00f3 que en la provincia de Buenos Aires \u201casesinan ni\u00f1os, roban a mansalva y no hacen nada. No pasa nada, sin consecuencias para los delincuentes. Es m\u00e1s\u2026 los protegen y abandonan a los argentinos de bien\u201d.<\/p>\n\n\n\n<p>Respuesta de Alonso<br>El ministro Alonso le contest\u00f3 unas horas m\u00e1s tarde con un \u201c\u00bfQu\u00e9 le pasa Bullrich? \u00bfEst\u00e1 nerviosa?\u201d, a la vez que agreg\u00f3: \u201custed vivi\u00f3 del Estado toda su vida\u201d, y defendi\u00f3 su gesti\u00f3n al frente de la cartera de Seguridad provincial al afirmar que el Gobierno de Kicillof tiene \u201clos niveles m\u00e1s altos de esclarecimiento de delitos\u201d.<\/p>\n\n\n\n<p>Asimismo, Javier Alonso le chicane\u00f3 que \u201ceste \u2018no ministro\u2019 al que usted se refiere es el mismo que tuvo que prestarle patrulleros a su gesti\u00f3n para que pudieran intervenir en Rosario, porque no ten\u00edan ni c\u00f3mo patrullar las calles\u201d.<\/p>\n\n\n\n<p>\u201cHabla de \u2018no hacer nada\u2019 cuando en sus gestiones la frontera siempre fue un colador: el a\u00f1o pasado se le escap\u00f3 \u2018Peque\u00f1o J\u2019 caminando y en 2019 Alberto Samid se le fug\u00f3 en canoa hacia Paraguay\u201d, record\u00f3 el ministro bonaerense.<\/p>\n","protected":false},"excerpt":{"rendered":"<p>La senadora protagoniz\u00f3 un fuerte cruce con el ministro de Seguridad bonaerense, Javier Alonso: \u201cAsesinan ni\u00f1os, roban a mansalva y no hacen nada. No pasa nada, sin consecuencias para los delincuentes\u201d, afirm\u00f3. El caso de inseguridad acontecido en la periferia de La Plata, en el que un ni\u00f1o de 12 a\u00f1os result\u00f3 v\u00edctima de un [&hellip;]<\/p>\n","protected":false},"author":1,"featured_media":22223,"comment_status":"open","ping_status":"open","sticky":false,"template":"","format":"standard","meta":{"footnotes":""},"categories":[20],"tags":[],"_links":{"self":[{"href":"https:\/\/enlamira.info\/index.php\/wp-json\/wp\/v2\/posts\/22218"}],"collection":[{"href":"https:\/\/enlamira.info\/index.php\/wp-json\/wp\/v2\/posts"}],"about":[{"href":"https:\/\/enlamira.info\/index.php\/wp-json\/wp\/v2\/types\/post"}],"author":[{"embeddable":true,"href":"https:\/\/enlamira.info\/index.php\/wp-json\/wp\/v2\/users\/1"}],"replies":[{"embeddable":true,"href":"https:\/\/enlamira.info\/index.php\/wp-json\/wp\/v2\/comments?post=22218"}],"version-history":[{"count":1,"href":"https:\/\/enlamira.info\/index.php\/wp-json\/wp\/v2\/posts\/22218\/revisions"}],"predecessor-version":[{"id":22224,"href":"https:\/\/enlamira.info\/index.php\/wp-json\/wp\/v2\/posts\/22218\/revisions\/22224"}],"wp:featuredmedia":[{"embeddable":true,"href":"https:\/\/enlamira.info\/index.php\/wp-json\/wp\/v2\/media\/22223"}],"wp:attachment":[{"href":"https:\/\/enlamira.info\/index.php\/wp-json\/wp\/v2\/media?parent=22218"}],"wp:term":[{"taxonomy":"category","embeddable":true,"href":"https:\/\/enlamira.info\/index.php\/wp-json\/wp\/v2\/categories?post=22218"},{"taxonomy":"post_tag","embeddable":true,"href":"https:\/\/enlamira.info\/index.php\/wp-json\/wp\/v2\/tags?post=22218"}],"curies":[{"name":"wp","href":"https:\/\/api.w.org\/{rel}","templated":true}]}}