{"id":22217,"date":"2026-05-03T11:02:18","date_gmt":"2026-05-03T14:02:18","guid":{"rendered":"https:\/\/enlamira.info\/?p=22217"},"modified":"2026-05-03T11:02:18","modified_gmt":"2026-05-03T14:02:18","slug":"gianinna-maradona-apunto-contra-morla-por-la-muerte-de-su-padre-el-plan-era-que-lo-querian-matar","status":"publish","type":"post","link":"https:\/\/enlamira.info\/index.php\/2026\/05\/03\/gianinna-maradona-apunto-contra-morla-por-la-muerte-de-su-padre-el-plan-era-que-lo-querian-matar\/","title":{"rendered":"Gianinna Maradona apunt\u00f3 contra Morla por la muerte de su padre: \u201cEl plan era que lo quer\u00edan matar\u201d"},"content":{"rendered":"\n<p><br>La hija del \u201cDiez\u201d afirm\u00f3 que el abogado era quien \u201cmanejaba todos los hilos\u201d y que los siete profesionales de la salud que est\u00e1n siendo juzgados \u201cson todos responsables\u201d.<br>Gianinna Maradona, hija menor de Diego Maradona, brind\u00f3 una entrevista a un grupo de periodistas. En ese marco se refiri\u00f3 al proceso judicial reanudado desde cero y apunto contra el abogado Mat\u00edas Morla como el mayor responsable de la muerte de su padre, a la vez que calific\u00f3 como responsables a todo el equipo m\u00e9dico que deb\u00eda cuidar al \u201cDiez\u201d mientras cumpl\u00eda con su internaci\u00f3n domiciliaria antes de fallecer.<br>La hija del exfutbolista y director t\u00e9cnico dijo que \u201chab\u00eda un plan para matar a mi pap\u00e1\u201d y asegur\u00f3 que hubo intereses econ\u00f3micos que motivaron dicha acci\u00f3n.<br>Al ser consultada sobre si hubo algo m\u00e1s que negligencia m\u00e9dica, Gianinna expres\u00f3 que cree que \u201chab\u00eda un plan de fondo. No me entra en la cabeza por qu\u00e9 lo hicieron, pero a mi pap\u00e1 lo mataron\u201d.<br>\u201cSe que hab\u00eda un plan, seguramente hab\u00eda un plan y alguien lo dirig\u00eda. Todos ten\u00edan una bajada de l\u00ednea y todos segu\u00edan alguna orden\u201d, dijo.<br>Gianinna apunt\u00f3 contra el abogado Mat\u00edas Morla como m\u00e1ximo responsable: \u201cEl ten\u00eda el poder de manejar a mi pap\u00e1 y hac\u00eda lo que quer\u00eda con ese poder\u201d.<br>La hija del astro futbol\u00edstico dijo que en Morla prim\u00f3 el inter\u00e9s econ\u00f3mico y que, pudiendo haber internado a Diego Maradona en un neuropsiqui\u00e1trico, no lo hicieron: \u201cNo les serv\u00eda, no era una opci\u00f3n, porque se le ca\u00edan un mont\u00f3n de cosas a Morla\u201d, a lo que agreg\u00f3 que \u201cpensaban todo el tiempo en la parte econ\u00f3mica y no en la salud de mi pap\u00e1\u201d.<br>Asimismo, dijo que hab\u00eda un plan para que Maradona \u201cno estuviera m\u00e1s\u201d para as\u00ed el letrado pudiera quedarse con el control de las marcas de Maradona.<\/p>\n","protected":false},"excerpt":{"rendered":"<p>La hija del \u201cDiez\u201d afirm\u00f3 que el abogado era quien \u201cmanejaba todos los hilos\u201d y que los siete profesionales de la salud que est\u00e1n siendo juzgados \u201cson todos responsables\u201d.Gianinna Maradona, hija menor de Diego Maradona, brind\u00f3 una entrevista a un grupo de periodistas. En ese marco se refiri\u00f3 al proceso judicial reanudado desde cero y [&hellip;]<\/p>\n","protected":false},"author":1,"featured_media":22221,"comment_status":"open","ping_status":"open","sticky":false,"template":"","format":"standard","meta":{"footnotes":""},"categories":[126],"tags":[],"_links":{"self":[{"href":"https:\/\/enlamira.info\/index.php\/wp-json\/wp\/v2\/posts\/22217"}],"collection":[{"href":"https:\/\/enlamira.info\/index.php\/wp-json\/wp\/v2\/posts"}],"about":[{"href":"https:\/\/enlamira.info\/index.php\/wp-json\/wp\/v2\/types\/post"}],"author":[{"embeddable":true,"href":"https:\/\/enlamira.info\/index.php\/wp-json\/wp\/v2\/users\/1"}],"replies":[{"embeddable":true,"href":"https:\/\/enlamira.info\/index.php\/wp-json\/wp\/v2\/comments?post=22217"}],"version-history":[{"count":1,"href":"https:\/\/enlamira.info\/index.php\/wp-json\/wp\/v2\/posts\/22217\/revisions"}],"predecessor-version":[{"id":22222,"href":"https:\/\/enlamira.info\/index.php\/wp-json\/wp\/v2\/posts\/22217\/revisions\/22222"}],"wp:featuredmedia":[{"embeddable":true,"href":"https:\/\/enlamira.info\/index.php\/wp-json\/wp\/v2\/media\/22221"}],"wp:attachment":[{"href":"https:\/\/enlamira.info\/index.php\/wp-json\/wp\/v2\/media?parent=22217"}],"wp:term":[{"taxonomy":"category","embeddable":true,"href":"https:\/\/enlamira.info\/index.php\/wp-json\/wp\/v2\/categories?post=22217"},{"taxonomy":"post_tag","embeddable":true,"href":"https:\/\/enlamira.info\/index.php\/wp-json\/wp\/v2\/tags?post=22217"}],"curies":[{"name":"wp","href":"https:\/\/api.w.org\/{rel}","templated":true}]}}