{"id":22188,"date":"2026-05-02T02:18:33","date_gmt":"2026-05-02T05:18:33","guid":{"rendered":"https:\/\/enlamira.info\/?p=22188"},"modified":"2026-05-02T02:18:33","modified_gmt":"2026-05-02T05:18:33","slug":"el-ministerio-de-seguridad-anuncio-la-detencion-del-lider-ruso-de-las-fake-news","status":"publish","type":"post","link":"https:\/\/enlamira.info\/index.php\/2026\/05\/02\/el-ministerio-de-seguridad-anuncio-la-detencion-del-lider-ruso-de-las-fake-news\/","title":{"rendered":"El Ministerio de Seguridad anunci\u00f3 la detenci\u00f3n del \u201cl\u00edder ruso de las fake news\u201d"},"content":{"rendered":"\n<p>La detenci\u00f3n fue anunciada por el Ministerio de Seguridad. El ciudadano de Rusia habr\u00eda entrado como turista y se qued\u00f3 tres semanas en el pa\u00eds.<\/p>\n\n\n\n<p>El&nbsp;<strong>Ministerio de Seguridad<\/strong>&nbsp;del&nbsp;<strong>Gobierno de Javier Milei<\/strong>&nbsp;anunci\u00f3 este viernes que la Polic\u00eda Federal detuvo a un&nbsp;<strong>ciudadano ruso<\/strong>&nbsp;acusado de difundir<a href=\"https:\/\/www.nexofin.com\/notas\/1268184-denuncian-una-operacion-rusa-para-infiltrar-contenidos-en-medios-argentinos-y-erosionar-la-imagen-de-javier-milei-n-\/\">&nbsp;fake news<\/a>&nbsp;contra el Ejecutivo Nacional.<\/p>\n\n\n\n<p><\/p>\n\n\n\n<p>Desde su cuenta, la ministra de Seguridad,&nbsp;<strong>Alejandra Monteoliva<\/strong>, dijo \u201catrapamos al<a href=\"https:\/\/www.nexofin.com\/notas\/1268267-la-embajada-de-rusia-nego-las-acusaciones-de-una-campana-del-kremlin-contra-milei-n-\/\">&nbsp;l\u00edder ruso de las fake news<\/a>\u201c. Su nombre es&nbsp;<strong>Dimitri Novikov<\/strong>, y habr\u00eda ingresado a Argentina como turista. Permaneci\u00f3 en el pa\u00eds por tres semanas.<\/p>\n\n\n\n<p>Seg\u00fan&nbsp;<em>Clarin<\/em>, el operativo que dio con&nbsp;<strong>Novikov<\/strong>&nbsp;tuvo lugar el jueves en la zona sur del conurbano bonaerense. El juez Juli\u00e1n Ercolini dispuso que permanezca detenido hasta que se concrete su expulsi\u00f3n del pa\u00eds, tal como pidio la Agencia de Migraciones.<\/p>\n\n\n\n<p><\/p>\n\n\n\n<p>La&nbsp;<strong>Polic\u00eda<\/strong>&nbsp;estaba buscando al ciudadano ruso desde mediados de abril. Hab\u00eda sido identificado como l\u00edder de una red de desinformaci\u00f3n llamada La Compa\u00f1\u00eda, destinada a \u201coperar, desestabilizar y atentar contra las instituciones democr\u00e1ticas\u201d.<\/p>\n\n\n\n<p><strong>Novikov<\/strong>&nbsp;fue encontrado este jueves en Lan\u00fas en el marco de un despliegue articulado entre la Direcci\u00f3n Nacional de Migraciones, la Polic\u00eda Federal Argentina y la SIDE.<\/p>\n\n\n\n<p>El ciudadano de la<strong>&nbsp;Federaci\u00f3n Rusa<\/strong>&nbsp;arrib\u00f3 al pa\u00eds procedente de San Pablo, Brasil, a bordo de un vuelo de Turkish Airlines. Ten\u00eda un pasaje de retorno a la metr\u00f3poli brasile\u00f1a para el 19 del mismo mes, una semana m\u00e1s tarde, pero no abord\u00f3 ese avi\u00f3n y extendi\u00f3 su estad\u00eda en la Argentina.<\/p>\n","protected":false},"excerpt":{"rendered":"<p>La detenci\u00f3n fue anunciada por el Ministerio de Seguridad. El ciudadano de Rusia habr\u00eda entrado como turista y se qued\u00f3 tres semanas en el pa\u00eds. El&nbsp;Ministerio de Seguridad&nbsp;del&nbsp;Gobierno de Javier Milei&nbsp;anunci\u00f3 este viernes que la Polic\u00eda Federal detuvo a un&nbsp;ciudadano ruso&nbsp;acusado de difundir&nbsp;fake news&nbsp;contra el Ejecutivo Nacional. Desde su cuenta, la ministra de Seguridad,&nbsp;Alejandra Monteoliva, [&hellip;]<\/p>\n","protected":false},"author":2,"featured_media":22199,"comment_status":"open","ping_status":"open","sticky":false,"template":"","format":"standard","meta":{"footnotes":""},"categories":[32],"tags":[],"_links":{"self":[{"href":"https:\/\/enlamira.info\/index.php\/wp-json\/wp\/v2\/posts\/22188"}],"collection":[{"href":"https:\/\/enlamira.info\/index.php\/wp-json\/wp\/v2\/posts"}],"about":[{"href":"https:\/\/enlamira.info\/index.php\/wp-json\/wp\/v2\/types\/post"}],"author":[{"embeddable":true,"href":"https:\/\/enlamira.info\/index.php\/wp-json\/wp\/v2\/users\/2"}],"replies":[{"embeddable":true,"href":"https:\/\/enlamira.info\/index.php\/wp-json\/wp\/v2\/comments?post=22188"}],"version-history":[{"count":1,"href":"https:\/\/enlamira.info\/index.php\/wp-json\/wp\/v2\/posts\/22188\/revisions"}],"predecessor-version":[{"id":22200,"href":"https:\/\/enlamira.info\/index.php\/wp-json\/wp\/v2\/posts\/22188\/revisions\/22200"}],"wp:featuredmedia":[{"embeddable":true,"href":"https:\/\/enlamira.info\/index.php\/wp-json\/wp\/v2\/media\/22199"}],"wp:attachment":[{"href":"https:\/\/enlamira.info\/index.php\/wp-json\/wp\/v2\/media?parent=22188"}],"wp:term":[{"taxonomy":"category","embeddable":true,"href":"https:\/\/enlamira.info\/index.php\/wp-json\/wp\/v2\/categories?post=22188"},{"taxonomy":"post_tag","embeddable":true,"href":"https:\/\/enlamira.info\/index.php\/wp-json\/wp\/v2\/tags?post=22188"}],"curies":[{"name":"wp","href":"https:\/\/api.w.org\/{rel}","templated":true}]}}