{"id":22187,"date":"2026-05-02T02:15:59","date_gmt":"2026-05-02T05:15:59","guid":{"rendered":"https:\/\/enlamira.info\/?p=22187"},"modified":"2026-05-02T02:22:32","modified_gmt":"2026-05-02T05:22:32","slug":"triple-femicidio-narco-pequeno-j-arriba-el-lunes-a-la-argentina","status":"publish","type":"post","link":"https:\/\/enlamira.info\/index.php\/2026\/05\/02\/triple-femicidio-narco-pequeno-j-arriba-el-lunes-a-la-argentina\/","title":{"rendered":"Triple femicidio narco: \u201cPeque\u00f1o J\u201d arriba el lunes a la Argentina"},"content":{"rendered":"\n<p>El principal acusado por el triple femicidio narco de Florencio Varela llegar\u00e1 el lunes al pa\u00eds.<\/p>\n\n\n\n<hr class=\"wp-block-separator has-alpha-channel-opacity\"\/>\n\n\n\n<p><a href=\"https:\/\/www.facebook.com\/sharer.php?u=https:\/\/www.inforegion.com.ar\/2026\/05\/01\/triple-femicidio-narco-pequeno-j-arriba-el-lunes-a-la-argentina\/\"><\/a>&nbsp;<a href=\"https:\/\/twitter.com\/intent\/tweet?status=Triple%20femicidio%20narco:%20%E2%80%9CPeque%C3%B1o%20J%E2%80%9D%20arriba%20el%20lunes%20a%20la%20Argentina%20-%20https:\/\/www.inforegion.com.ar\/2026\/05\/01\/triple-femicidio-narco-pequeno-j-arriba-el-lunes-a-la-argentina\/\"><\/a>&nbsp;<a href=\"https:\/\/pinterest.com\/pin\/create\/button\/?url=https:\/\/www.inforegion.com.ar\/2026\/05\/01\/triple-femicidio-narco-pequeno-j-arriba-el-lunes-a-la-argentina\/&amp;media=https:\/\/www.inforegion.com.ar\/wp-content\/uploads\/2025\/09\/pequej.jpg&amp;description=Triple%20femicidio%20narco:%20%E2%80%9CPeque%C3%B1o%20J%E2%80%9D%20arriba%20el%20lunes%20a%20la%20Argentina\"><\/a>&nbsp;<a href=\"https:\/\/plus.google.com\/share?url=https:\/\/www.inforegion.com.ar\/2026\/05\/01\/triple-femicidio-narco-pequeno-j-arriba-el-lunes-a-la-argentina\/\"><\/a>&nbsp;<a href=\"https:\/\/www.linkedin.com\/cws\/share?url=https:\/\/www.inforegion.com.ar\/2026\/05\/01\/triple-femicidio-narco-pequeno-j-arriba-el-lunes-a-la-argentina\/\"><\/a>&nbsp;<a href=\"mailto:?subject=Triple%20femicidio%20narco:%20%E2%80%9CPeque%C3%B1o%20J%E2%80%9D%20arriba%20el%20lunes%20a%20la%20Argentina&amp;body=Checkout+this+url+https%3A%2F%2Fwww.inforegion.com.ar%2F2026%2F05%2F01%2Ftriple-femicidio-narco-pequeno-j-arriba-el-lunes-a-la-argentina%2F\"><\/a><\/p>\n\n\n\n<p>El proceso judicial por el triple femicidio en contexto de narcocriminalidad de Florencio Varela sumar\u00e1 un cap\u00edtulo clave el pr\u00f3ximo lunes por la<strong>\u00a0extradici\u00f3n de\u00a0\u201cPeque\u00f1o J\u201d<\/strong>, el principal acusado.<\/p>\n\n\n\n<p>Se encontraba detenido en Per\u00fa y fue&nbsp;<strong>se\u00f1alado como uno de los principales responsables de la organizaci\u00f3n criminal vinculada al caso.<\/strong><\/p>\n\n\n\n<p>Ser\u00e1 trasladado bajo un estricto operativo de seguridad para responder ante las autoridades locales por su presunta participaci\u00f3n en el violento episodio que conmocion\u00f3 a la zona sur del conurbano.<\/p>\n\n\n\n<p><strong>Tony Janzen Valverde Victoriano<\/strong>, alias\u00a0\u201cPeque\u00f1o J\u201d, fue\u00a0capturado\u00a0meses atr\u00e1s en territorio peruano, y su llegada permitir\u00e1 avanzar con nuevas instancias judiciales en una causa que investiga un entramado narco detr\u00e1s del triple femicidio.<\/p>\n\n\n\n<h2 class=\"wp-block-heading\">Triple femicidio<\/h2>\n\n\n\n<p><strong>La principal hip\u00f3tesis es que se trat\u00f3 de una venganza narco<\/strong>: La investigaci\u00f3n apunta a un\u00a0ajuste de cuentas\u00a0por parte de una banda narcotraficante peruana con sede en la Villa 1-11-14.\u00a0Se cree que las j\u00f3venes fueron llevadas con enga\u00f1os a una supuesta fiesta que result\u00f3 ser una trampa mortal.<\/p>\n\n\n\n<p>Los resultados preliminares de las autopsias revelaron\u00a0torturas\u00a0y la\u00a0<strong>brutalidad de los asesinatos<\/strong>.\u00a0Una v\u00edctima sufri\u00f3 hundimiento de cr\u00e1neo, otra un corte postmortem en el abdomen y la tercera fue apu\u00f1alada, golpeada e intentaron prenderle fuego.<\/p>\n","protected":false},"excerpt":{"rendered":"<p>El principal acusado por el triple femicidio narco de Florencio Varela llegar\u00e1 el lunes al pa\u00eds. &nbsp;&nbsp;&nbsp;&nbsp;&nbsp; El proceso judicial por el triple femicidio en contexto de narcocriminalidad de Florencio Varela sumar\u00e1 un cap\u00edtulo clave el pr\u00f3ximo lunes por la\u00a0extradici\u00f3n de\u00a0\u201cPeque\u00f1o J\u201d, el principal acusado. Se encontraba detenido en Per\u00fa y fue&nbsp;se\u00f1alado como uno de [&hellip;]<\/p>\n","protected":false},"author":1,"featured_media":22196,"comment_status":"open","ping_status":"open","sticky":false,"template":"","format":"standard","meta":{"footnotes":""},"categories":[1,32],"tags":[],"_links":{"self":[{"href":"https:\/\/enlamira.info\/index.php\/wp-json\/wp\/v2\/posts\/22187"}],"collection":[{"href":"https:\/\/enlamira.info\/index.php\/wp-json\/wp\/v2\/posts"}],"about":[{"href":"https:\/\/enlamira.info\/index.php\/wp-json\/wp\/v2\/types\/post"}],"author":[{"embeddable":true,"href":"https:\/\/enlamira.info\/index.php\/wp-json\/wp\/v2\/users\/1"}],"replies":[{"embeddable":true,"href":"https:\/\/enlamira.info\/index.php\/wp-json\/wp\/v2\/comments?post=22187"}],"version-history":[{"count":3,"href":"https:\/\/enlamira.info\/index.php\/wp-json\/wp\/v2\/posts\/22187\/revisions"}],"predecessor-version":[{"id":22203,"href":"https:\/\/enlamira.info\/index.php\/wp-json\/wp\/v2\/posts\/22187\/revisions\/22203"}],"wp:featuredmedia":[{"embeddable":true,"href":"https:\/\/enlamira.info\/index.php\/wp-json\/wp\/v2\/media\/22196"}],"wp:attachment":[{"href":"https:\/\/enlamira.info\/index.php\/wp-json\/wp\/v2\/media?parent=22187"}],"wp:term":[{"taxonomy":"category","embeddable":true,"href":"https:\/\/enlamira.info\/index.php\/wp-json\/wp\/v2\/categories?post=22187"},{"taxonomy":"post_tag","embeddable":true,"href":"https:\/\/enlamira.info\/index.php\/wp-json\/wp\/v2\/tags?post=22187"}],"curies":[{"name":"wp","href":"https:\/\/api.w.org\/{rel}","templated":true}]}}