{"id":22186,"date":"2026-05-02T02:13:51","date_gmt":"2026-05-02T05:13:51","guid":{"rendered":"https:\/\/enlamira.info\/?p=22186"},"modified":"2026-05-02T02:13:51","modified_gmt":"2026-05-02T05:13:51","slug":"desde-el-1ro-viajar-en-colectivo-es-mas-caro-a-cuanto-se-fue-el-minimo","status":"publish","type":"post","link":"https:\/\/enlamira.info\/index.php\/2026\/05\/02\/desde-el-1ro-viajar-en-colectivo-es-mas-caro-a-cuanto-se-fue-el-minimo\/","title":{"rendered":"Desde el 1ro, viajar en colectivo es m\u00e1s caro: \u00bfA cu\u00e1nto se fue el m\u00ednimo?"},"content":{"rendered":"\n<p>A partir de este viernes 1 de mayo rige el aumento en el boleto de colectivo para las l\u00edneas del AMBA, pero el lunes se aplica en los de la Provincia.<\/p>\n\n\n\n<p><a href=\"https:\/\/www.facebook.com\/sharer.php?u=https:\/\/www.inforegion.com.ar\/2026\/05\/01\/desde-hoy-viajar-en-colectivo-es-mas-caro-a-cuanto-se-fue-el-minimo\/\"><\/a>&nbsp;<a href=\"https:\/\/twitter.com\/intent\/tweet?status=Desde%20hoy,%20viajar%20en%20colectivo%20es%20m%C3%A1s%20caro:%20%C2%BFA%20cu%C3%A1nto%20se%20fue%20el%20m%C3%ADnimo?%20-%20https:\/\/www.inforegion.com.ar\/2026\/05\/01\/desde-hoy-viajar-en-colectivo-es-mas-caro-a-cuanto-se-fue-el-minimo\/\"><\/a>&nbsp;<a href=\"https:\/\/pinterest.com\/pin\/create\/button\/?url=https:\/\/www.inforegion.com.ar\/2026\/05\/01\/desde-hoy-viajar-en-colectivo-es-mas-caro-a-cuanto-se-fue-el-minimo\/&amp;media=https:\/\/www.inforegion.com.ar\/wp-content\/uploads\/2023\/07\/Camara-colectivos.jpg&amp;description=Desde%20hoy,%20viajar%20en%20colectivo%20es%20m%C3%A1s%20caro:%20%C2%BFA%20cu%C3%A1nto%20se%20fue%20el%20m%C3%ADnimo?\"><\/a>&nbsp;<a href=\"https:\/\/plus.google.com\/share?url=https:\/\/www.inforegion.com.ar\/2026\/05\/01\/desde-hoy-viajar-en-colectivo-es-mas-caro-a-cuanto-se-fue-el-minimo\/\"><\/a>&nbsp;<a href=\"https:\/\/www.linkedin.com\/cws\/share?url=https:\/\/www.inforegion.com.ar\/2026\/05\/01\/desde-hoy-viajar-en-colectivo-es-mas-caro-a-cuanto-se-fue-el-minimo\/\"><\/a>&nbsp;<a href=\"mailto:?subject=Desde%20hoy,%20viajar%20en%20colectivo%20es%20m%C3%A1s%20caro:%20%C2%BFA%20cu%C3%A1nto%20se%20fue%20el%20m%C3%ADnimo?&amp;body=Checkout+this+url+https%3A%2F%2Fwww.inforegion.com.ar%2F2026%2F05%2F01%2Fdesde-hoy-viajar-en-colectivo-es-mas-caro-a-cuanto-se-fue-el-minimo%2F\"><\/a><\/p>\n\n\n\n<figure class=\"wp-block-image\"><a class=\"\" href=\"https:\/\/www.inforegion.com.ar\/wp-content\/uploads\/2023\/07\/Camara-colectivos.jpg\"><img decoding=\"async\" src=\"https:\/\/www.inforegion.com.ar\/wp-content\/uploads\/2023\/07\/Camara-colectivos.jpg\" alt=\"\"\/><\/a><\/figure>\n\n\n\n<p>Mayo comenz\u00f3 con varios golpes al bolsillo, uno de ellos es el&nbsp;<strong>aumento en el boleto del 5,4% en el \u00c1rea Metropolitana de Buenos Aires<\/strong>, que lleva el m\u00ednimo a $753,74.<\/p>\n\n\n\n<p>Las 28 l\u00edneas de colectivos bajo la \u00f3rbita de la Ciudad actualizaron sus valores desde este viernes.&nbsp;<strong>El boleto m\u00ednimo (hasta 3 kil\u00f3metros) aument\u00f3 de $715,24 a $753,74 (con SUBE registrada).&nbsp;<\/strong><\/p>\n\n\n\n<p>En tanto, los tramos siguientes tambi\u00e9n tendr\u00e1n incrementos: viajar entre 3 y 6 km costar\u00e1 $837,52; entre 6 y 12 km, $902,04; y los recorridos m\u00e1s largos alcanzar\u00e1n los $966,61.<\/p>\n\n\n\n<p><strong>En la Provincia de Buenos Aires, el ajuste tambi\u00e9n ser\u00e1 del 5,4%,&nbsp;aunque comenzar\u00e1 a regir el 4 de mayo<\/strong>, tras una instancia de consulta p\u00fablica impulsada por la gesti\u00f3n de Axel Kicillof.&nbsp;<\/p>\n\n\n\n<p><strong>El boleto m\u00ednimo subir\u00e1 de $871,30 a $918,35<\/strong>, mientras que los trayectos m\u00e1s extensos superar\u00e1n los $1000.<\/p>\n\n\n\n<p>La medida alcanza a las l\u00edneas provinciales, es decir, aquellas identificadas con n\u00fameros a partir del 200.<\/p>\n\n\n\n<h2 class=\"wp-block-heading\">Menos unidades<\/h2>\n\n\n\n<p>Con&nbsp;<strong>menos micros, tarifas en alza y un&nbsp;<a href=\"https:\/\/www.inforegion.com.ar\/2026\/04\/30\/menos-frecuencia-y-mas-caro-el-boleto-de-colectivo-aumenta-un-54-en-mayo-y-crece-el-malestar-por-el-servicio\/\">servicio&nbsp;<\/a>cada vez m\u00e1s limitado,&nbsp;<\/strong>el transporte p\u00fablico del AMBA enfrenta un escenario cr\u00edtico que impacta de lleno en la vida cotidiana.<\/p>\n\n\n\n<p><strong>La mayor\u00eda de las l\u00edneas de colectivos que circulan en el AMBA operan al 70% de su capacidad al haber disminuido frecuencias.<\/strong>&nbsp;<\/p>\n\n\n\n<p>Se trata de una medida que<strong>&nbsp;las empresas de transporte urbano tomaron desde principios de abril por la suba del precio del gasoil,&nbsp;<\/strong>como consecuencia de la guerra en el Medio Oriente.<\/p>\n\n\n\n<p>Dado que siguen las negociaciones con el Gobierno, las c\u00e1maras empresariales advierten que<strong>&nbsp;puede haber un mayor&nbsp;<a href=\"https:\/\/www.inforegion.com.ar\/2026\/04\/27\/las-empresas-de-colectivos-del-amba-se-declararon-en-emergencia-y-podrian-bajar-la-frecuencia\/\">recorte&nbsp;<\/a>de los servicios.<\/strong><\/p>\n","protected":false},"excerpt":{"rendered":"<p>A partir de este viernes 1 de mayo rige el aumento en el boleto de colectivo para las l\u00edneas del AMBA, pero el lunes se aplica en los de la Provincia. &nbsp;&nbsp;&nbsp;&nbsp;&nbsp; Mayo comenz\u00f3 con varios golpes al bolsillo, uno de ellos es el&nbsp;aumento en el boleto del 5,4% en el \u00c1rea Metropolitana de Buenos [&hellip;]<\/p>\n","protected":false},"author":1,"featured_media":22194,"comment_status":"open","ping_status":"open","sticky":false,"template":"","format":"standard","meta":{"footnotes":""},"categories":[1],"tags":[],"_links":{"self":[{"href":"https:\/\/enlamira.info\/index.php\/wp-json\/wp\/v2\/posts\/22186"}],"collection":[{"href":"https:\/\/enlamira.info\/index.php\/wp-json\/wp\/v2\/posts"}],"about":[{"href":"https:\/\/enlamira.info\/index.php\/wp-json\/wp\/v2\/types\/post"}],"author":[{"embeddable":true,"href":"https:\/\/enlamira.info\/index.php\/wp-json\/wp\/v2\/users\/1"}],"replies":[{"embeddable":true,"href":"https:\/\/enlamira.info\/index.php\/wp-json\/wp\/v2\/comments?post=22186"}],"version-history":[{"count":1,"href":"https:\/\/enlamira.info\/index.php\/wp-json\/wp\/v2\/posts\/22186\/revisions"}],"predecessor-version":[{"id":22195,"href":"https:\/\/enlamira.info\/index.php\/wp-json\/wp\/v2\/posts\/22186\/revisions\/22195"}],"wp:featuredmedia":[{"embeddable":true,"href":"https:\/\/enlamira.info\/index.php\/wp-json\/wp\/v2\/media\/22194"}],"wp:attachment":[{"href":"https:\/\/enlamira.info\/index.php\/wp-json\/wp\/v2\/media?parent=22186"}],"wp:term":[{"taxonomy":"category","embeddable":true,"href":"https:\/\/enlamira.info\/index.php\/wp-json\/wp\/v2\/categories?post=22186"},{"taxonomy":"post_tag","embeddable":true,"href":"https:\/\/enlamira.info\/index.php\/wp-json\/wp\/v2\/tags?post=22186"}],"curies":[{"name":"wp","href":"https:\/\/api.w.org\/{rel}","templated":true}]}}