{"id":22180,"date":"2026-05-01T12:10:14","date_gmt":"2026-05-01T15:10:14","guid":{"rendered":"https:\/\/enlamira.info\/?p=22180"},"modified":"2026-05-01T12:14:32","modified_gmt":"2026-05-01T15:14:32","slug":"grave-denuncia-de-periodista-en-lanus-fui-a-acompanar-a-vecinos-y-volvi-golpeada","status":"publish","type":"post","link":"https:\/\/enlamira.info\/index.php\/2026\/05\/01\/grave-denuncia-de-periodista-en-lanus-fui-a-acompanar-a-vecinos-y-volvi-golpeada\/","title":{"rendered":"Grave denuncia de periodista en Lan\u00fas: \u201cFui a acompa\u00f1ar a vecinos\u2026 y volv\u00ed golpeada\u201d"},"content":{"rendered":"\n<p><br>Grave denuncia por violencia institucional y de g\u00e9nero en Lan\u00fas<br>Lan\u00fas, Provincia de Buenos Aires \u2013 Abril de 2026 \u2014 La comunicadora, conductora del programa \u201cIntensos\u201d y vecina de Lan\u00fas, Julieta Cosmelli, denunci\u00f3 haber sido v\u00edctima de agresiones f\u00edsicas, amenazas e intimidaciones por parte de funcionarios del \u00e1rea de Seguridad, en un hecho que ya fue judicializado y que abre un fuerte interrogante sobre el accionar del Estado local.<br>El episodio ocurri\u00f3 en marzo, luego de una marcha autoconvocada, cuando Cosmelli decidi\u00f3 acompa\u00f1ar a una madre del barrio Villa Jard\u00edn. Lo que comenz\u00f3 como un acto de compromiso social termin\u00f3, seg\u00fan su testimonio, en una escena de violencia.<br>\u201cSoy comunicadora. Conduzco Intensos. Pero tambi\u00e9n soy vecina. Y como tantas veces, fui a acompa\u00f1ar. A estar. A escuchar. A tender puentes. Nunca imagin\u00e9 que iba a volver a mi casa golpeada\u201d, relat\u00f3.<br>De la presencia al golpe: el relato de los hechos<br>De acuerdo a la denuncia, Cosmelli fue empujada, golpeada y amenazada en el marco de un operativo vinculado al \u00e1rea de Seguridad municipal. Lejos de tratarse de un hecho aislado, sostiene que fue un accionar deliberado:<br>\u201cNo fue un exceso. No fue un error. Fue violencia. Y fue desde el poder\u201d, afirm\u00f3.<br>La gravedad del caso se potencia por un dato clave: los hechos habr\u00edan sido monitoreados en tiempo real a trav\u00e9s de c\u00e1maras de seguridad, sin que existiera intervenci\u00f3n alguna para frenar la agresi\u00f3n.<br>Silencio pol\u00edtico y falta de respuesta<br>Tras el episodio, Cosmelli intent\u00f3 obtener explicaciones por parte de las autoridades. Seg\u00fan denunci\u00f3, el Secretario de Seguridad no tom\u00f3 medidas pese a haber tenido conocimiento de lo ocurrido.<br>En paralelo, asegur\u00f3 haber mantenido contacto con el Intendente de Lan\u00fas, quien luego interrumpi\u00f3 toda comunicaci\u00f3n bloque\u00e1ndola, sin brindar respuestas institucionales.<br>\u201cComo si el silencio pudiera tapar los golpes. Como si bloquear a una v\u00edctima fuera una forma de gestionar\u201d, expres\u00f3.<br>Las marcas que no se borran<br>Las consecuencias no fueron solo f\u00edsicas. Cosmelli debi\u00f3 recibir atenci\u00f3n m\u00e9dica y atravesar d\u00edas de recuperaci\u00f3n en su hogar.<br>Pero hay una escena que resume el impacto de lo ocurrido:<br>\u201cTuve que mirar a mis hijos y explicarles por qu\u00e9 su mam\u00e1 ten\u00eda moretones. Eso tambi\u00e9n es violencia\u201d.<br>Intervenci\u00f3n judicial: una causa bajo cuestionamiento<br>La denuncia qued\u00f3 radicada en la Unidad Funcional de Instrucci\u00f3n y Juicio N\u00b0 5 del Departamento Judicial Avellaneda-Lan\u00fas, bajo la IPP N\u00b0 20-01-007306-26, actualmente caratulada como \u201cAveriguaci\u00f3n de Il\u00edcito\u201d.<br>En el marco de la investigaci\u00f3n, el 30 de marzo se libr\u00f3 un oficio al \u00e1rea de monitoreo solicitando el resguardo y la remisi\u00f3n de las grabaciones de las c\u00e1maras de seguridad correspondientes al momento de los hechos, material que resulta clave para reconstruir lo ocurrido y determinar responsabilidades.<br>Sin embargo, la v\u00edctima solicit\u00f3 adem\u00e1s la recalificaci\u00f3n urgente de la causa, al considerar que la actual figura \u201cdiluye la gravedad de los hechos\u201d.<br>El planteo exige que se investigue como un caso de:<br>Violencia institucional (por el accionar de funcionarios p\u00fablicos)<br>Violencia de g\u00e9nero (por el contexto, el tipo de agresi\u00f3n y la condici\u00f3n de la v\u00edctima)<br>El eje legal: perspectiva de g\u00e9nero y responsabilidad estatal<br>El pedido se apoya en la Ley 26.485, que obliga al Estado a prevenir, sancionar y erradicar la violencia contra las mujeres, y en jurisprudencia que establece la obligaci\u00f3n de investigar con debida diligencia reforzada cuando hay agentes estatales involucrados.<br>La presentaci\u00f3n advierte que no avanzar en esa l\u00ednea puede implicar:<br>Revictimizaci\u00f3n<br>Encubrimiento institucional<br>Responsabilidad del Estado argentino a nivel internacional<br>Una denuncia que trasciende lo personal<br>Cosmelli no plantea el hecho como un caso individual, sino como parte de un problema estructural:<br>\u201cEsto no me pas\u00f3 solo a m\u00ed. Esto le puede pasar a cualquier mujer que decida involucrarse, que decida hablar, que decida no mirar para otro lado\u201d.<br>\u201cNo me voy a callar\u201d<br>Lejos de retraerse, la comunicadora y conductora de Intensos reafirma su decisi\u00f3n de avanzar:<br>\u201cEste es el costo de alzar la voz en Lan\u00fas. Pero el silencio no protege. El silencio encubre. Y yo no vine a encubrir a nadie\u201d.<br>Datos clave del caso<br>V\u00edctima: Julieta Cosmelli (comunicadora, conductora de Intensos y vecina de Lan\u00fas)<br>Hecho: Agresiones f\u00edsicas y amenazas por parte de funcionarios de Seguridad<br>Lugar: Municipio de Lan\u00fas<br>Fecha: Marzo de 2026<br>Fiscal\u00eda interviniente: UFI N\u00b0 5 Avellaneda-Lan\u00fas<br>IPP: 20-01-007306-26<br>Medida relevante: Oficio librado el 30 de marzo solicitando c\u00e1maras de monitoreo<br>Estado actual: Solicitud de recaratulaci\u00f3n por violencia institucional y de g\u00e9nero<\/p>\n\n\n\n<p>Esta no es solo una denuncia.<br>Es una pregunta urgente:<br>\u00bfQu\u00e9 pasa cuando quienes deben proteger\u2026 son quienes ejercen la violencia?<br><br>Conductora de Intensos \u2013 Comunicadora \u2013 Vecina de Lan\u00fas<\/p>\n","protected":false},"excerpt":{"rendered":"<p>Grave denuncia por violencia institucional y de g\u00e9nero en Lan\u00fasLan\u00fas, Provincia de Buenos Aires \u2013 Abril de 2026 \u2014 La comunicadora, conductora del programa \u201cIntensos\u201d y vecina de Lan\u00fas, Julieta Cosmelli, denunci\u00f3 haber sido v\u00edctima de agresiones f\u00edsicas, amenazas e intimidaciones por parte de funcionarios del \u00e1rea de Seguridad, en un hecho que ya fue [&hellip;]<\/p>\n","protected":false},"author":1,"featured_media":22183,"comment_status":"open","ping_status":"open","sticky":false,"template":"","format":"standard","meta":{"footnotes":""},"categories":[1,32],"tags":[],"_links":{"self":[{"href":"https:\/\/enlamira.info\/index.php\/wp-json\/wp\/v2\/posts\/22180"}],"collection":[{"href":"https:\/\/enlamira.info\/index.php\/wp-json\/wp\/v2\/posts"}],"about":[{"href":"https:\/\/enlamira.info\/index.php\/wp-json\/wp\/v2\/types\/post"}],"author":[{"embeddable":true,"href":"https:\/\/enlamira.info\/index.php\/wp-json\/wp\/v2\/users\/1"}],"replies":[{"embeddable":true,"href":"https:\/\/enlamira.info\/index.php\/wp-json\/wp\/v2\/comments?post=22180"}],"version-history":[{"count":1,"href":"https:\/\/enlamira.info\/index.php\/wp-json\/wp\/v2\/posts\/22180\/revisions"}],"predecessor-version":[{"id":22182,"href":"https:\/\/enlamira.info\/index.php\/wp-json\/wp\/v2\/posts\/22180\/revisions\/22182"}],"wp:featuredmedia":[{"embeddable":true,"href":"https:\/\/enlamira.info\/index.php\/wp-json\/wp\/v2\/media\/22183"}],"wp:attachment":[{"href":"https:\/\/enlamira.info\/index.php\/wp-json\/wp\/v2\/media?parent=22180"}],"wp:term":[{"taxonomy":"category","embeddable":true,"href":"https:\/\/enlamira.info\/index.php\/wp-json\/wp\/v2\/categories?post=22180"},{"taxonomy":"post_tag","embeddable":true,"href":"https:\/\/enlamira.info\/index.php\/wp-json\/wp\/v2\/tags?post=22180"}],"curies":[{"name":"wp","href":"https:\/\/api.w.org\/{rel}","templated":true}]}}