{"id":22175,"date":"2026-05-01T11:41:04","date_gmt":"2026-05-01T14:41:04","guid":{"rendered":"https:\/\/enlamira.info\/?p=22175"},"modified":"2026-05-01T11:41:04","modified_gmt":"2026-05-01T14:41:04","slug":"giro-escandaloso-de-testigos-y-heroes-a-detenidos-por-intentar-matar-al-presunto-asesino-de-su-hermano","status":"publish","type":"post","link":"https:\/\/enlamira.info\/index.php\/2026\/05\/01\/giro-escandaloso-de-testigos-y-heroes-a-detenidos-por-intentar-matar-al-presunto-asesino-de-su-hermano\/","title":{"rendered":"GIRO ESCANDALOSO: De testigos y h\u00e9roes a detenidos por &#8220;intentar matar&#8221; al presunto asesino de su hermano"},"content":{"rendered":"\n<p><strong>En una entrevista exclusiva para Multimedio En La Mira, Ayel\u00e9n Duarte rompe el silencio y denuncia una trama de injusticia, videos editados y una causa judicial paralizada que mantiene tras las rejas a quienes intentaron frenar una masacre en una estaci\u00f3n de servicio.<\/strong><\/p>\n\n\n\n<p><strong>LAN\u00daS \u2013<\/strong> El hecho ocurri\u00f3 el pasado 22 de febrero, en Remedios de Escalada y Obon de Lanus, pero la herida sigue abierta y sangrando, no solo por la p\u00e9rdida de <strong>Josu\u00e9 Zalazar<\/strong>, sino por el destino de sus hermanos y allegados. Seg\u00fan el relato de la familia, lo que comenz\u00f3 como una salida rutinaria termin\u00f3 en una tragedia bajo el filo de una navaja tipo &#8220;Rambo&#8221;. Sin embargo, para la justicia, los roles parecen haberse invertido.<\/p>\n\n\n\n<h3 class=\"wp-block-heading\"><strong>&#8220;Lo cortaron como un serrucho&#8221;: El relato del horror<\/strong><\/h3>\n\n\n\n<p>Ayel\u00e9n Duarte, hermana de los j\u00f3venes hoy detenidos, describe con crudeza el ataque que sufri\u00f3 su familia. <em>&#8220;El presunto asesino no ten\u00eda un cuchillo com\u00fan, ten\u00eda una navaja que es como tipo las de Rambo&#8230; de un lado ten\u00eda el filo y del otro un serrucho. Nadie sale en su sano juicio con eso a la calle&#8221;<\/em>, afirma Duarte en exclusiva para este medio.<\/p>\n\n\n\n<p>La sa\u00f1a del ataque es uno de los puntos que la familia reclama que no se ha tenido en cuenta para agravar la imputaci\u00f3n del detenido, <strong>Alessandro Daniel Espinosa<\/strong>, quien actualmente solo enfrenta cargos por &#8220;homicidio simple&#8221;. Duarte relata las secuelas en su otro hermano: <em>&#8220;A mi otro hermano le dio no s\u00e9 cu\u00e1ntas apu\u00f1aladas en el cuerpo y no muri\u00f3 gracias al Se\u00f1or&#8230; tiene una que le da del cuello hasta el pecho, a la altura de la boca del est\u00f3mago&#8221;<\/em>.<\/p>\n\n\n\n<h3 class=\"wp-block-heading\"><strong>La trampa del video: \u00bfH\u00e9roes o atacantes?<\/strong><\/h3>\n\n\n\n<p>El n\u00facleo del conflicto judicial reside en las im\u00e1genes de las c\u00e1maras de seguridad. La familia denuncia que, inicialmente, se difundi\u00f3 una versi\u00f3n recortada para favorecer al presunto victimario.<\/p>\n\n\n\n<blockquote class=\"wp-block-quote\">\n<p><em>&#8220;En la tele mostraron solamente una partecita donde mis hermanos le estaban tratando de sacar el cuchillo&#8230; acomodaron todo como que mis hermanos lo fueron a buscar, pero no mostraron la parte donde mi hermano estaba tirado apu\u00f1alado&#8221;<\/em>.<\/p>\n<\/blockquote>\n\n\n\n<p>Ayel\u00e9n explica que la intervenci\u00f3n de sus hermanos, <strong>Zacar\u00edas Duarte, Gast\u00f3n Zalazar y Alan Falc\u00f3n Esp\u00edndola<\/strong>, tuvo como \u00fanico objetivo desarmar al agresor. Incluso menciona la participaci\u00f3n de un familiar polic\u00eda: <em>&#8220;Mi cu\u00f1ado que es polic\u00eda lo estaba reduciendo y cuando lo reduce tambi\u00e9n sale herido&#8230; ahora a mis hermanos les ponen intento de homicidio por tratar de sacarle el cuchillo y reducirlo&#8221;<\/em>.<\/p>\n\n\n\n<h3 class=\"wp-block-heading\"><strong>Justicia lenta y &#8220;vaiv\u00e9n&#8221; judicial<\/strong><\/h3>\n\n\n\n<p>A pesar de que el video completo \u2014que ahora la familia busca viralizar\u2014 mostrar\u00eda que el presunto asesino miente al decir que \u00e9l le quit\u00f3 el cuchillo a la v\u00edctima, la causa parece no avanzar. <em>&#8220;El primer juez ni siquiera vino a ver el video y les dio la preventiva&#8230; apelamos y ahora fue a C\u00e1mara, pero el abogado va todos los d\u00edas al juzgado porque no se mueven&#8221;<\/em>, denuncia Ayel\u00e9n.<\/p>\n\n\n\n<p>Para la familia Duarte, el dolor se multiplica por la imposibilidad de procesar el duelo en libertad. <em>&#8220;No solamente vieron c\u00f3mo mataban a su hermano m\u00e1s grande, sino que est\u00e1n ah\u00ed detenidos&#8230; ni siquiera un duelo tranquilos pudieron hacer&#8221;<\/em>.<\/p>\n\n\n\n<h3 class=\"wp-block-heading\"><strong>El clamor por Justicia<\/strong><\/h3>\n\n\n\n<figure class=\"wp-block-video\"><video controls src=\"https:\/\/enlamira.info\/wp-content\/uploads\/2026\/05\/WhatsApp-Video-2026-04-30-at-22.48.09.mp4\"><\/video><\/figure>\n\n\n\n<p>Con el hashtag <strong>#JusticiaPorJosueZalazar<\/strong>, la familia exige que se revise la car\u00e1tula contra Espinosa para que se incluya la alevos\u00eda y, sobre todo, que se otorgue la libertad a quienes consideran fueron &#8220;detenidos injustamente por defender a un hermano&#8221;.<\/p>\n\n\n\n<p><em>&#8220;Estamos esperando a que un Juez agarre nuestra causa porque pasamos a C\u00e1mara&#8230; si revisaran el caso como corresponde, mis hermanos estar\u00edan afuera&#8221;<\/em>, concluye Duarte, advirtiendo que si no hay respuestas, las medidas de protesta se endurecer\u00e1n frente al domicilio del imputado.<\/p>\n\n\n\n<hr class=\"wp-block-separator has-alpha-channel-opacity\"\/>\n\n\n\n<p><strong>Causa:<\/strong> Homicidio de Josu\u00e9 Zalazar \/ Intento de Homicidio (Duarte y otros).<\/p>\n\n\n\n<p><strong>Imputado:<\/strong> Alessandro Daniel Espinosa.<\/p>\n\n\n\n<p><strong>Jurisdicci\u00f3n:<\/strong> Lan\u00fas (Intervenci\u00f3n del Hospital Evita y C\u00e1maras de Seguridad).<\/p>\n\n\n\n<p>video aportado<\/p>\n\n\n\n<figure class=\"wp-block-embed is-type-video is-provider-youtube wp-block-embed-youtube wp-embed-aspect-16-9 wp-has-aspect-ratio\"><div class=\"wp-block-embed__wrapper\">\n<iframe loading=\"lazy\" title=\"LAN\u00daS: CASO JOSUE ZALASAR\" width=\"640\" height=\"360\" src=\"https:\/\/www.youtube.com\/embed\/uRmAUY6o4Ck?feature=oembed\" frameborder=\"0\" allow=\"accelerometer; autoplay; clipboard-write; encrypted-media; gyroscope; picture-in-picture; web-share\" referrerpolicy=\"strict-origin-when-cross-origin\" allowfullscreen><\/iframe>\n<\/div><\/figure>\n","protected":false},"excerpt":{"rendered":"<p>En una entrevista exclusiva para Multimedio En La Mira, Ayel\u00e9n Duarte rompe el silencio y denuncia una trama de injusticia, videos editados y una causa judicial paralizada que mantiene tras las rejas a quienes intentaron frenar una masacre en una estaci\u00f3n de servicio. LAN\u00daS \u2013 El hecho ocurri\u00f3 el pasado 22 de febrero, en Remedios [&hellip;]<\/p>\n","protected":false},"author":1,"featured_media":22178,"comment_status":"open","ping_status":"open","sticky":false,"template":"","format":"standard","meta":{"footnotes":""},"categories":[32],"tags":[],"_links":{"self":[{"href":"https:\/\/enlamira.info\/index.php\/wp-json\/wp\/v2\/posts\/22175"}],"collection":[{"href":"https:\/\/enlamira.info\/index.php\/wp-json\/wp\/v2\/posts"}],"about":[{"href":"https:\/\/enlamira.info\/index.php\/wp-json\/wp\/v2\/types\/post"}],"author":[{"embeddable":true,"href":"https:\/\/enlamira.info\/index.php\/wp-json\/wp\/v2\/users\/1"}],"replies":[{"embeddable":true,"href":"https:\/\/enlamira.info\/index.php\/wp-json\/wp\/v2\/comments?post=22175"}],"version-history":[{"count":1,"href":"https:\/\/enlamira.info\/index.php\/wp-json\/wp\/v2\/posts\/22175\/revisions"}],"predecessor-version":[{"id":22179,"href":"https:\/\/enlamira.info\/index.php\/wp-json\/wp\/v2\/posts\/22175\/revisions\/22179"}],"wp:featuredmedia":[{"embeddable":true,"href":"https:\/\/enlamira.info\/index.php\/wp-json\/wp\/v2\/media\/22178"}],"wp:attachment":[{"href":"https:\/\/enlamira.info\/index.php\/wp-json\/wp\/v2\/media?parent=22175"}],"wp:term":[{"taxonomy":"category","embeddable":true,"href":"https:\/\/enlamira.info\/index.php\/wp-json\/wp\/v2\/categories?post=22175"},{"taxonomy":"post_tag","embeddable":true,"href":"https:\/\/enlamira.info\/index.php\/wp-json\/wp\/v2\/tags?post=22175"}],"curies":[{"name":"wp","href":"https:\/\/api.w.org\/{rel}","templated":true}]}}