{"id":22171,"date":"2026-05-01T10:58:24","date_gmt":"2026-05-01T13:58:24","guid":{"rendered":"https:\/\/enlamira.info\/?p=22171"},"modified":"2026-05-01T10:58:24","modified_gmt":"2026-05-01T13:58:24","slug":"diego-raidan-sigo-esperando-el-debate-con-adriana-coliqueo","status":"publish","type":"post","link":"https:\/\/enlamira.info\/index.php\/2026\/05\/01\/diego-raidan-sigo-esperando-el-debate-con-adriana-coliqueo\/","title":{"rendered":"DIEGO RAIDAN: &#8220;SIGO ESPERANDO EL DEBATE CON ADRIANA COLIQUEO&#8221;"},"content":{"rendered":"\n<h2 class=\"wp-block-heading\"><strong>\u00bfMiedo al micr\u00f3fono? Raid\u00e1n sacude el tablero del CAAL y el silencio de Coliqueo ya tiene banda sonora<\/strong><\/h2>\n\n\n\n<p>En lo que se perfila como el duelo definitivo por la conducci\u00f3n del Colegio de Abogados de Avellaneda-Lan\u00fas (CAAL), el candidato por la <strong>Lista 14<\/strong>, Diego Raid\u00e1n, ha decidido elevar la apuesta. Tras una presentaci\u00f3n multitudinaria en el Club Cultural de Sarand\u00ed \u2014donde el fervor de los abogados presentes dej\u00f3 en claro que la &#8220;burocracia de sill\u00f3n&#8221; tiene los d\u00edas contados\u2014 Raid\u00e1n lanz\u00f3 un guante que, hasta ahora, nadie parece querer recoger.<\/p>\n\n\n\n<figure class=\"wp-block-image size-full\"><img loading=\"lazy\" decoding=\"async\" width=\"454\" height=\"524\" src=\"https:\/\/enlamira.info\/wp-content\/uploads\/2026\/05\/grillo.jpg\" alt=\"\" class=\"wp-image-22172\" srcset=\"https:\/\/enlamira.info\/wp-content\/uploads\/2026\/05\/grillo.jpg 454w, https:\/\/enlamira.info\/wp-content\/uploads\/2026\/05\/grillo-260x300.jpg 260w\" sizes=\"(max-width: 454px) 100vw, 454px\" \/><\/figure>\n\n\n\n<p>El desaf\u00edo fue directo y p\u00fablico: un debate de ideas, de cara a los matriculados, para que la Dra. Adriana Coliqueo explique el modelo de gesti\u00f3n que defiende. Sin embargo, la respuesta desde el bando oficialista ha sido un <strong>silencio sepulcral<\/strong> que empieza a incomodar incluso a sus propios allegados.<\/p>\n\n\n\n<h3 class=\"wp-block-heading\"><strong>El contraste de las propuestas<\/strong><\/h3>\n\n\n\n<p>Mientras Raid\u00e1n arremete contra la falta de una sede propia \u2014denunciando una facturaci\u00f3n de 500 millones anuales que se diluye sin ladrillos a la vista\u2014 y promete &#8220;alquiler cero&#8221;, del otro lado solo hay eco. El candidato de &#8220;Encuentros por la Abogac\u00eda&#8221; no solo busca dignificar los honorarios, sino que reclama la falta de empat\u00eda institucional ante episodios de violencia sufridos por colegas, como el ocurrido en Florencio Varela.<\/p>\n\n\n\n<blockquote class=\"wp-block-quote\">\n<p>&#8220;Le pido a los medios que le hagan llegar a la Dra. Coliqueo la invitaci\u00f3n. Viernes, s\u00e1bado o domingo, cuando ella quiera&#8221;, sentenci\u00f3 Raid\u00e1n con una mezcla de respeto y firmeza.<\/p>\n<\/blockquote>\n\n\n\n<p>La pelota est\u00e1 en el campo de Coliqueo. \u00bfHabr\u00e1 intercambio de propuestas o seguir\u00e1n apostando al hermetismo mientras los pasillos de los tribunales exigen respuestas? El 5 de mayo las urnas hablar\u00e1n, pero hasta entonces, el silencio solo parece confirmar que, para algunos, la comodidad del sill\u00f3n es incompatible con el rigor del debate p\u00fablico.<\/p>\n","protected":false},"excerpt":{"rendered":"<p>\u00bfMiedo al micr\u00f3fono? Raid\u00e1n sacude el tablero del CAAL y el silencio de Coliqueo ya tiene banda sonora En lo que se perfila como el duelo definitivo por la conducci\u00f3n del Colegio de Abogados de Avellaneda-Lan\u00fas (CAAL), el candidato por la Lista 14, Diego Raid\u00e1n, ha decidido elevar la apuesta. Tras una presentaci\u00f3n multitudinaria en [&hellip;]<\/p>\n","protected":false},"author":1,"featured_media":22173,"comment_status":"open","ping_status":"open","sticky":false,"template":"","format":"standard","meta":{"footnotes":""},"categories":[1,20,5,34],"tags":[2292],"_links":{"self":[{"href":"https:\/\/enlamira.info\/index.php\/wp-json\/wp\/v2\/posts\/22171"}],"collection":[{"href":"https:\/\/enlamira.info\/index.php\/wp-json\/wp\/v2\/posts"}],"about":[{"href":"https:\/\/enlamira.info\/index.php\/wp-json\/wp\/v2\/types\/post"}],"author":[{"embeddable":true,"href":"https:\/\/enlamira.info\/index.php\/wp-json\/wp\/v2\/users\/1"}],"replies":[{"embeddable":true,"href":"https:\/\/enlamira.info\/index.php\/wp-json\/wp\/v2\/comments?post=22171"}],"version-history":[{"count":1,"href":"https:\/\/enlamira.info\/index.php\/wp-json\/wp\/v2\/posts\/22171\/revisions"}],"predecessor-version":[{"id":22174,"href":"https:\/\/enlamira.info\/index.php\/wp-json\/wp\/v2\/posts\/22171\/revisions\/22174"}],"wp:featuredmedia":[{"embeddable":true,"href":"https:\/\/enlamira.info\/index.php\/wp-json\/wp\/v2\/media\/22173"}],"wp:attachment":[{"href":"https:\/\/enlamira.info\/index.php\/wp-json\/wp\/v2\/media?parent=22171"}],"wp:term":[{"taxonomy":"category","embeddable":true,"href":"https:\/\/enlamira.info\/index.php\/wp-json\/wp\/v2\/categories?post=22171"},{"taxonomy":"post_tag","embeddable":true,"href":"https:\/\/enlamira.info\/index.php\/wp-json\/wp\/v2\/tags?post=22171"}],"curies":[{"name":"wp","href":"https:\/\/api.w.org\/{rel}","templated":true}]}}