{"id":22150,"date":"2026-04-30T11:09:39","date_gmt":"2026-04-30T14:09:39","guid":{"rendered":"https:\/\/enlamira.info\/?p=22150"},"modified":"2026-04-30T11:09:39","modified_gmt":"2026-04-30T14:09:39","slug":"escandalo-en-cultura-artista-de-avellaneda-denuncia-penas-privadas-en-espacios-publicos-y-venta-de-alcohol-a-menores","status":"publish","type":"post","link":"https:\/\/enlamira.info\/index.php\/2026\/04\/30\/escandalo-en-cultura-artista-de-avellaneda-denuncia-penas-privadas-en-espacios-publicos-y-venta-de-alcohol-a-menores\/","title":{"rendered":"ESC\u00c1NDALO EN CULTURA: Artista de Avellaneda denuncia &#8220;Pe\u00f1as Privadas&#8221; en espacios p\u00fablicos y venta de alcohol a menores"},"content":{"rendered":"\n<p><em>Fabi\u00e1n Duarte, profesor nacional de folklore y vecino de Pi\u00f1eiro, rompi\u00f3 el silencio. Denuncia irregularidades en la organizaci\u00f3n de eventos municipales, falta de transparencia en el cobro de entradas y el uso de recursos p\u00fablicos para fines que calific\u00f3 como &#8220;lucrativos y poco claros&#8221;.<\/em><\/p>\n\n\n\n<p><em>AVELLANEDA<\/em> \u2013 En una reveladora entrevista, el reconocido docente y bailar\u00edn Fabi\u00e1n Duarte puso bajo la lupa la gesti\u00f3n cultural del municipio de Avellaneda. Lo que comenz\u00f3 como un intento de acercar proyectos gratuitos para la comunidad termin\u00f3 en una denuncia p\u00fablica que apunta directamente a funcionarios del \u00e1rea de Cultura y a la organizaci\u00f3n de las pe\u00f1as folkl\u00f3ricas en la ciudad.<\/p>\n\n\n\n<h3 class=\"wp-block-heading\"><em>\u00bfA d\u00f3nde va el dinero?<\/em><\/h3>\n\n\n\n<p>El eje principal de la denuncia radica en el cobro de entradas para eventos realizados en predios municipales, una pr\u00e1ctica que, seg\u00fan Duarte, es inusual en otros distritos del pa\u00eds donde el Estado garantiza el acceso gratuito a la cultura.<\/p>\n\n\n\n<blockquote class=\"wp-block-quote\">\n<p>&#8220;He recorrido el pa\u00eds y nunca en un municipio estatal se ha cobrado entrada como sucede ac\u00e1 en Avellaneda. \u00bfEsa plata queda para el artista, para la organizaci\u00f3n o para la municipalidad? Es poco claro&#8221;, sentenci\u00f3 Duarte.<\/p>\n<\/blockquote>\n\n\n\n<p>Seg\u00fan el testimonio, al consultar a los m\u00fasicos y grupos de baile, estos afirmaron <em>no recibir pago alguno<\/em>, participando de forma gratuita bajo la promesa de &#8220;comprar atuendos&#8221; o insumos que, seg\u00fan el denunciante, deber\u00edan ser provistos por el propio Estado municipal.<\/p>\n\n\n\n<h3 class=\"wp-block-heading\"><em>Venta de alcohol y desprotecci\u00f3n de menores<\/em><\/h3>\n\n\n\n<p>El punto m\u00e1s alarmante de la denuncia de Duarte no es solo econ\u00f3mico, sino de seguridad p\u00fablica. El artista afirm\u00f3 que en estos predios estatales, durante las pe\u00f1as, se realiza la <em>venta de bebidas alcoh\u00f3licas<\/em> de forma indiscriminada.<\/p>\n\n\n\n<p>&#8220;Lo m\u00e1s grave es la venta dentro de un lugar municipal donde hay muchos menores. Hoy se pregona el cuidado, pero ah\u00ed venden alcohol a los j\u00f3venes. Eso est\u00e1 mal, le guste a quien le guste&#8221;, dispar\u00f3 el profesor.<\/p>\n\n\n\n<h3 class=\"wp-block-heading\"><em>Cultura &#8220;a puertas cerradas&#8221;<\/em><\/h3>\n\n\n\n<p>Duarte, quien lleva a\u00f1os formando profesores y present\u00e1ndose ad-honorem en hospitales, escuelas y geri\u00e1tricos, asegura que los artistas locales que no se alinean con la gesti\u00f3n son ignorados.<\/p>\n\n\n\n<ul>\n<li><em>Proyectos cajoneados:<\/em> Duarte present\u00f3 propuestas para dar clases y realizar eventos gratuitos en plazas y espacios p\u00fablicos, pero nunca recibi\u00f3 respuesta de la Secretar\u00eda de Cultura.<\/li>\n\n\n\n<li><em>Falta de espacios p\u00fablicos:<\/em> El artista compar\u00f3 la situaci\u00f3n con municipios vecinos (como Lomas de Zamora), donde existen plazas de folklore gratuitas todos los fines de semana. &#8220;En Avellaneda no hay un lugar espec\u00edfico para que la gente vaya a bailar gratis&#8221;, lament\u00f3.<\/li>\n<\/ul>\n\n\n\n<h3 class=\"wp-block-heading\"><em>Nombres en la mira<\/em><\/h3>\n\n\n\n<p>La denuncia menciona directamente a <em>Juan Rodr\u00edguez<\/em> (responsable en el momento de la pe\u00f1a) y a la estructura vinculada al secretario de Cultura, *Federico Bonaldi, se\u00f1alando a figuras como *<em>Rosana Carlino<\/em> en la organizaci\u00f3n de estos eventos que Duarte define como &#8220;privados&#8221; por su naturaleza recaudatoria en suelo p\u00fablico.<\/p>\n\n\n\n<p><em>&#8220;No me interesa trabajar con gente as\u00ed&#8221;<\/em>, concluy\u00f3 Duarte, dejando en claro que su prioridad es rescatar la identidad y las ra\u00edces del folklore sin fines de lucro, una misi\u00f3n que, seg\u00fan \u00e9l, hoy est\u00e1 trabada por la burocracia y la falta de transparencia en Avellaneda.<\/p>\n\n\n\n<hr class=\"wp-block-separator has-alpha-channel-opacity\"\/>\n\n\n\n<p><em>\u00bfTransparencia o Recaudaci\u00f3n?<\/em> La comunidad art\u00edstica de Avellaneda queda a la espera de una respuesta oficial por parte de la Secretar\u00eda de Cultura ante estas graves acusaciones de malversaci\u00f3n de espacios y falta de control en eventos p\u00fablicos.<\/p>\n\n\n\n<p><\/p>\n","protected":false},"excerpt":{"rendered":"<p>Fabi\u00e1n Duarte, profesor nacional de folklore y vecino de Pi\u00f1eiro, rompi\u00f3 el silencio. Denuncia irregularidades en la organizaci\u00f3n de eventos municipales, falta de transparencia en el cobro de entradas y el uso de recursos p\u00fablicos para fines que calific\u00f3 como &#8220;lucrativos y poco claros&#8221;. AVELLANEDA \u2013 En una reveladora entrevista, el reconocido docente y bailar\u00edn [&hellip;]<\/p>\n","protected":false},"author":1,"featured_media":22151,"comment_status":"open","ping_status":"open","sticky":false,"template":"","format":"standard","meta":{"footnotes":""},"categories":[1,15,5,34],"tags":[2291],"_links":{"self":[{"href":"https:\/\/enlamira.info\/index.php\/wp-json\/wp\/v2\/posts\/22150"}],"collection":[{"href":"https:\/\/enlamira.info\/index.php\/wp-json\/wp\/v2\/posts"}],"about":[{"href":"https:\/\/enlamira.info\/index.php\/wp-json\/wp\/v2\/types\/post"}],"author":[{"embeddable":true,"href":"https:\/\/enlamira.info\/index.php\/wp-json\/wp\/v2\/users\/1"}],"replies":[{"embeddable":true,"href":"https:\/\/enlamira.info\/index.php\/wp-json\/wp\/v2\/comments?post=22150"}],"version-history":[{"count":1,"href":"https:\/\/enlamira.info\/index.php\/wp-json\/wp\/v2\/posts\/22150\/revisions"}],"predecessor-version":[{"id":22152,"href":"https:\/\/enlamira.info\/index.php\/wp-json\/wp\/v2\/posts\/22150\/revisions\/22152"}],"wp:featuredmedia":[{"embeddable":true,"href":"https:\/\/enlamira.info\/index.php\/wp-json\/wp\/v2\/media\/22151"}],"wp:attachment":[{"href":"https:\/\/enlamira.info\/index.php\/wp-json\/wp\/v2\/media?parent=22150"}],"wp:term":[{"taxonomy":"category","embeddable":true,"href":"https:\/\/enlamira.info\/index.php\/wp-json\/wp\/v2\/categories?post=22150"},{"taxonomy":"post_tag","embeddable":true,"href":"https:\/\/enlamira.info\/index.php\/wp-json\/wp\/v2\/tags?post=22150"}],"curies":[{"name":"wp","href":"https:\/\/api.w.org\/{rel}","templated":true}]}}