{"id":22146,"date":"2026-04-29T23:16:50","date_gmt":"2026-04-30T02:16:50","guid":{"rendered":"https:\/\/enlamira.info\/?p=22146"},"modified":"2026-04-29T23:16:50","modified_gmt":"2026-04-30T02:16:50","slug":"solidaridad-pablo-pereira-necesita-nuestra-ayuda-para-volver-a-caminar","status":"publish","type":"post","link":"https:\/\/enlamira.info\/index.php\/2026\/04\/29\/solidaridad-pablo-pereira-necesita-nuestra-ayuda-para-volver-a-caminar\/","title":{"rendered":"SOLIDARIDAD: Pablo Pereira necesita nuestra ayuda para volver a caminar"},"content":{"rendered":"\n<p><strong>Pablo Pereira<\/strong> es un vecino que conoce de cerca lo que es luchar contra la adversidad. Tras un grave accidente de tr\u00e1nsito hace algunos a\u00f1os, perdi\u00f3 un brazo y una pierna. En 2021, su caso se hizo conocido cuando, gracias a la difusi\u00f3n medi\u00e1tica, logr\u00f3 que lo operaran en el Sanatorio de la UOM de Avellaneda. Luego de salir al aire en el programa de Marcelo Brunwald &#8220;La Voz del vecino&#8221;. <\/p>\n\n\n\n<p>Hoy, Pablo se enfrenta a un nuevo y dif\u00edcil desaf\u00edo: <strong>su pr\u00f3tesis de pierna izquierda se rompi\u00f3 por completo<\/strong> y no cuenta con obra social para reponerla. El costo de una nueva asciende a los <strong>4 millones de pesos<\/strong>, una cifra inalcanzable para \u00e9l sin la ayuda de la comunidad.<\/p>\n\n\n\n<figure class=\"wp-block-image size-large\"><img loading=\"lazy\" decoding=\"async\" width=\"447\" height=\"1024\" src=\"https:\/\/enlamira.info\/wp-content\/uploads\/2026\/04\/WhatsApp-Image-2026-04-29-at-15.18.51-447x1024.jpeg\" alt=\"\" class=\"wp-image-22147\" srcset=\"https:\/\/enlamira.info\/wp-content\/uploads\/2026\/04\/WhatsApp-Image-2026-04-29-at-15.18.51-447x1024.jpeg 447w, https:\/\/enlamira.info\/wp-content\/uploads\/2026\/04\/WhatsApp-Image-2026-04-29-at-15.18.51-131x300.jpeg 131w, https:\/\/enlamira.info\/wp-content\/uploads\/2026\/04\/WhatsApp-Image-2026-04-29-at-15.18.51-670x1536.jpeg 670w, https:\/\/enlamira.info\/wp-content\/uploads\/2026\/04\/WhatsApp-Image-2026-04-29-at-15.18.51.jpeg 698w\" sizes=\"(max-width: 447px) 100vw, 447px\" \/><\/figure>\n\n\n\n<blockquote class=\"wp-block-quote\">\n<p><em>&#8220;Hoy por m\u00ed, ma\u00f1ana por ti. Necesito comprarme esta pr\u00f3tesis para poder seguir adelante&#8221;<\/em>, expresa Pablo, quien ya ha comenzado a organizar rifas y beneficios para recaudar fondos.<\/p>\n<\/blockquote>\n\n\n\n<h3 class=\"wp-block-heading\"><strong>\u00bfC\u00f3mo podemos ayudar?<\/strong><\/h3>\n\n\n\n<p>Para colaborar con la causa de Pablo, puedes participar de su rifa o realizar una donaci\u00f3n voluntaria a trav\u00e9s de su cuenta de Mercado Pago. Cualquier aporte, por peque\u00f1o que sea, lo acerca un paso m\u00e1s a su objetivo.<\/p>\n\n\n\n<ul>\n<li><strong>Alias de Mercado Pago:<\/strong> <code>Pablo.520.saco.mp<\/code><\/li>\n\n\n\n<li><strong>Valor de la rifa:<\/strong> 5 mil pesos el n\u00famero.<\/li>\n\n\n\n<li><strong>Premios:<\/strong> * 1\u00b0 Premio: $150.000\n<ul>\n<li>2\u00b0 Premio: $50.000<\/li>\n<\/ul>\n<\/li>\n<\/ul>\n\n\n\n<p>No permitamos que la falta de recursos detenga su progreso. <strong>\u00a1Compartamos esta nota y ayudemos a Pablo!<\/strong><\/p>\n","protected":false},"excerpt":{"rendered":"<p>Pablo Pereira es un vecino que conoce de cerca lo que es luchar contra la adversidad. Tras un grave accidente de tr\u00e1nsito hace algunos a\u00f1os, perdi\u00f3 un brazo y una pierna. En 2021, su caso se hizo conocido cuando, gracias a la difusi\u00f3n medi\u00e1tica, logr\u00f3 que lo operaran en el Sanatorio de la UOM de [&hellip;]<\/p>\n","protected":false},"author":1,"featured_media":22148,"comment_status":"open","ping_status":"open","sticky":false,"template":"","format":"standard","meta":{"footnotes":""},"categories":[1,23,34],"tags":[2261],"_links":{"self":[{"href":"https:\/\/enlamira.info\/index.php\/wp-json\/wp\/v2\/posts\/22146"}],"collection":[{"href":"https:\/\/enlamira.info\/index.php\/wp-json\/wp\/v2\/posts"}],"about":[{"href":"https:\/\/enlamira.info\/index.php\/wp-json\/wp\/v2\/types\/post"}],"author":[{"embeddable":true,"href":"https:\/\/enlamira.info\/index.php\/wp-json\/wp\/v2\/users\/1"}],"replies":[{"embeddable":true,"href":"https:\/\/enlamira.info\/index.php\/wp-json\/wp\/v2\/comments?post=22146"}],"version-history":[{"count":1,"href":"https:\/\/enlamira.info\/index.php\/wp-json\/wp\/v2\/posts\/22146\/revisions"}],"predecessor-version":[{"id":22149,"href":"https:\/\/enlamira.info\/index.php\/wp-json\/wp\/v2\/posts\/22146\/revisions\/22149"}],"wp:featuredmedia":[{"embeddable":true,"href":"https:\/\/enlamira.info\/index.php\/wp-json\/wp\/v2\/media\/22148"}],"wp:attachment":[{"href":"https:\/\/enlamira.info\/index.php\/wp-json\/wp\/v2\/media?parent=22146"}],"wp:term":[{"taxonomy":"category","embeddable":true,"href":"https:\/\/enlamira.info\/index.php\/wp-json\/wp\/v2\/categories?post=22146"},{"taxonomy":"post_tag","embeddable":true,"href":"https:\/\/enlamira.info\/index.php\/wp-json\/wp\/v2\/tags?post=22146"}],"curies":[{"name":"wp","href":"https:\/\/api.w.org\/{rel}","templated":true}]}}