{"id":22133,"date":"2026-04-29T12:46:08","date_gmt":"2026-04-29T15:46:08","guid":{"rendered":"https:\/\/enlamira.info\/?p=22133"},"modified":"2026-04-29T12:48:36","modified_gmt":"2026-04-29T15:48:36","slug":"diego-raidan-desafio-a-adriana-coliqueo-a-un-debate-publico","status":"publish","type":"post","link":"https:\/\/enlamira.info\/index.php\/2026\/04\/29\/diego-raidan-desafio-a-adriana-coliqueo-a-un-debate-publico\/","title":{"rendered":"DR. DIEGO RAID\u00c1N: DESAFI\u00d3 A LA DRA. ADRIANA COLIQUEO A UN DEBATE P\u00daBLICO"},"content":{"rendered":"\n<hr class=\"wp-block-separator has-alpha-channel-opacity\"\/>\n\n\n\n<p><strong>En un sal\u00f3n colmado en su capacidad y con el respaldo de diversos sectores, la Lista 14 present\u00f3 sus propuestas para las elecciones del Colegio de Abogados de Avellaneda-Lan\u00fas (CAAL). El candidato a presidente, Diego Raid\u00e1n, llam\u00f3 a terminar con la &#8220;burocracia de sill\u00f3n&#8221; y recuperar la dignidad profesional<\/strong>.<\/p>\n\n\n\n<p>Por Marcelo Brunwald<\/p>\n\n\n\n<p>Fotos Pablo Chamarra<\/p>\n\n\n\n<p><strong>SARAND\u00cd \u2013<\/strong> El Club Cultural de Sarand\u00ed fue el escenario de una jornada que marc\u00f3 un punto de inflexi\u00f3n en la pol\u00edtica colegial de la regi\u00f3n. La <strong>Lista 14<\/strong>, bajo el lema &#8220;Encuentros por la Abogac\u00eda&#8221;, realiz\u00f3 su presentaci\u00f3n oficial ante una multitud de profesionales que desbordaron las instalaciones. En un discurso cargado de m\u00edstica y cr\u00edticas a la actual gesti\u00f3n, <strong>Diego Raid\u00e1n<\/strong> logr\u00f3 amalgamar a diferentes sectores de la abogac\u00eda que hoy se sienten desamparados por la instituci\u00f3n.<\/p>\n\n\n\n<figure class=\"wp-block-image size-large\"><img loading=\"lazy\" decoding=\"async\" width=\"1024\" height=\"678\" src=\"https:\/\/enlamira.info\/wp-content\/uploads\/2026\/04\/DSC7100-1024x678.jpg\" alt=\"\" class=\"wp-image-22134\" srcset=\"https:\/\/enlamira.info\/wp-content\/uploads\/2026\/04\/DSC7100-1024x678.jpg 1024w, https:\/\/enlamira.info\/wp-content\/uploads\/2026\/04\/DSC7100-300x199.jpg 300w, https:\/\/enlamira.info\/wp-content\/uploads\/2026\/04\/DSC7100-768x509.jpg 768w, https:\/\/enlamira.info\/wp-content\/uploads\/2026\/04\/DSC7100-1536x1017.jpg 1536w, https:\/\/enlamira.info\/wp-content\/uploads\/2026\/04\/DSC7100-2048x1356.jpg 2048w\" sizes=\"(max-width: 1024px) 100vw, 1024px\" \/><\/figure>\n\n\n\n<p>El acto no fue solo una exposici\u00f3n de propuestas, sino un fuerte reclamo de representatividad. Raid\u00e1n record\u00f3 el violento episodio sufrido el 5 de marzo en los tribunales de Florencio Varela, donde abogados fueron atacados sin recibir siquiera un llamado de apoyo por parte de la actual conducci\u00f3n. &#8220;Ese fue el puntapi\u00e9 inicial para formar este grupo hermoso. <strong>Nos dimos cuenta de que todos est\u00e1bamos en el mismo punto: no tenemos representaci\u00f3n<\/strong>&#8220;, sentenci\u00f3 el candidato.<\/p>\n\n\n\n<hr class=\"wp-block-separator has-alpha-channel-opacity\"\/>\n\n\n\n<h3 class=\"wp-block-heading\"><strong>Los textuales de Diego Raid\u00e1n<\/strong><\/h3>\n\n\n\n<p>A continuaci\u00f3n, los puntos m\u00e1s destacados de su discurso:<\/p>\n\n\n\n<figure class=\"wp-block-image size-large\"><img loading=\"lazy\" decoding=\"async\" width=\"1024\" height=\"678\" src=\"https:\/\/enlamira.info\/wp-content\/uploads\/2026\/04\/DSC7017-1-1024x678.jpg\" alt=\"\" class=\"wp-image-22136\" srcset=\"https:\/\/enlamira.info\/wp-content\/uploads\/2026\/04\/DSC7017-1-1024x678.jpg 1024w, https:\/\/enlamira.info\/wp-content\/uploads\/2026\/04\/DSC7017-1-300x199.jpg 300w, https:\/\/enlamira.info\/wp-content\/uploads\/2026\/04\/DSC7017-1-768x509.jpg 768w, https:\/\/enlamira.info\/wp-content\/uploads\/2026\/04\/DSC7017-1-1536x1017.jpg 1536w, https:\/\/enlamira.info\/wp-content\/uploads\/2026\/04\/DSC7017-1-2048x1356.jpg 2048w\" sizes=\"(max-width: 1024px) 100vw, 1024px\" \/><\/figure>\n\n\n\n<p><strong>Sobre la falta de representatividad y el rol del Colegio:<\/strong><\/p>\n\n\n\n<blockquote class=\"wp-block-quote\">\n<p>&#8220;Ustedes van en busca del &#8216;no colegio&#8217;, porque nunca hubo un colegio, porque nunca nos representaron, porque nunca nos acompa\u00f1aron. Hoy es el momento de dignificar la profesi\u00f3n, de trabajar por una representaci\u00f3n real, que el Colegio de la Abogac\u00eda nos venga a buscar a nosotros, no nosotros tener que ir a buscarlo&#8221;. <\/p>\n<\/blockquote>\n\n\n\n<figure class=\"wp-block-image size-large\"><img loading=\"lazy\" decoding=\"async\" width=\"1024\" height=\"678\" src=\"https:\/\/enlamira.info\/wp-content\/uploads\/2026\/04\/DSC7046-1024x678.jpg\" alt=\"\" class=\"wp-image-22137\" srcset=\"https:\/\/enlamira.info\/wp-content\/uploads\/2026\/04\/DSC7046-1024x678.jpg 1024w, https:\/\/enlamira.info\/wp-content\/uploads\/2026\/04\/DSC7046-300x199.jpg 300w, https:\/\/enlamira.info\/wp-content\/uploads\/2026\/04\/DSC7046-768x509.jpg 768w, https:\/\/enlamira.info\/wp-content\/uploads\/2026\/04\/DSC7046-1536x1017.jpg 1536w, https:\/\/enlamira.info\/wp-content\/uploads\/2026\/04\/DSC7046-2048x1356.jpg 2048w\" sizes=\"(max-width: 1024px) 100vw, 1024px\" \/><\/figure>\n\n\n\n<p><strong>Sobre la gesti\u00f3n de recursos y la sede propia:<\/strong><\/p>\n\n\n\n<blockquote class=\"wp-block-quote\">\n<p>&#8220;Se factura m\u00e1s de 500 millones al a\u00f1o hace 12 a\u00f1os y no tenemos una sede propia. Nuestro proyecto dice bien claro que nosotros vamos por el alquiler cero, porque vamos en busca de nuestro propio espacio&#8221;. <\/p>\n<\/blockquote>\n\n\n\n<figure class=\"wp-block-image size-large\"><img loading=\"lazy\" decoding=\"async\" width=\"1024\" height=\"678\" src=\"https:\/\/enlamira.info\/wp-content\/uploads\/2026\/04\/DSC7057-1024x678.jpg\" alt=\"\" class=\"wp-image-22138\" srcset=\"https:\/\/enlamira.info\/wp-content\/uploads\/2026\/04\/DSC7057-1024x678.jpg 1024w, https:\/\/enlamira.info\/wp-content\/uploads\/2026\/04\/DSC7057-300x199.jpg 300w, https:\/\/enlamira.info\/wp-content\/uploads\/2026\/04\/DSC7057-768x509.jpg 768w, https:\/\/enlamira.info\/wp-content\/uploads\/2026\/04\/DSC7057-1536x1017.jpg 1536w, https:\/\/enlamira.info\/wp-content\/uploads\/2026\/04\/DSC7057-2048x1356.jpg 2048w\" sizes=\"(max-width: 1024px) 100vw, 1024px\" \/><\/figure>\n\n\n\n<p><strong>La cr\u00edtica a la &#8220;burocracia de sill\u00f3n&#8221;:<\/strong><\/p>\n\n\n\n<blockquote class=\"wp-block-quote\">\n<p>&#8220;Vamos a movernos para sacar a los bur\u00f3cratas de sill\u00f3n, que se han aferrado tanto a esos lugares. Hoy me doy cuenta de que hay que ocupar esos espacios. El 5 de mayo las urnas tienen que reventar con votos nuestros, porque recuperar el Colegio no tiene que ser un eslogan, tiene que ser una realidad&#8221;.<\/p>\n<\/blockquote>\n\n\n\n<figure class=\"wp-block-image size-full\"><img loading=\"lazy\" decoding=\"async\" width=\"770\" height=\"512\" src=\"https:\/\/enlamira.info\/wp-content\/uploads\/2026\/04\/aaa.jpg\" alt=\"\" class=\"wp-image-22139\" srcset=\"https:\/\/enlamira.info\/wp-content\/uploads\/2026\/04\/aaa.jpg 770w, https:\/\/enlamira.info\/wp-content\/uploads\/2026\/04\/aaa-300x199.jpg 300w, https:\/\/enlamira.info\/wp-content\/uploads\/2026\/04\/aaa-768x511.jpg 768w\" sizes=\"(max-width: 770px) 100vw, 770px\" \/><\/figure>\n\n\n\n<p><strong>Pol\u00edtica colegial vs. Pol\u00edtica partidaria:<\/strong><\/p>\n\n\n\n<blockquote class=\"wp-block-quote\">\n<p>&#8220;Nosotros hacemos pol\u00edtica colegial, no hacemos pol\u00edtica partidaria. Por eso digo siempre: la pol\u00edtica partidaria afuera. Nos preocupamos por los abogados, no importa de qu\u00e9 lado est\u00e9n, son abogadas y abogados y eso es lo que tenemos que representar&#8221;. <\/p>\n\n\n\n<figure class=\"wp-block-image size-large\"><img loading=\"lazy\" decoding=\"async\" width=\"1024\" height=\"768\" src=\"https:\/\/enlamira.info\/wp-content\/uploads\/2026\/04\/WhatsApp-Image-2026-04-29-at-12.37.31-1024x768.jpeg\" alt=\"\" class=\"wp-image-22140\" srcset=\"https:\/\/enlamira.info\/wp-content\/uploads\/2026\/04\/WhatsApp-Image-2026-04-29-at-12.37.31-1024x768.jpeg 1024w, https:\/\/enlamira.info\/wp-content\/uploads\/2026\/04\/WhatsApp-Image-2026-04-29-at-12.37.31-300x225.jpeg 300w, https:\/\/enlamira.info\/wp-content\/uploads\/2026\/04\/WhatsApp-Image-2026-04-29-at-12.37.31-768x576.jpeg 768w, https:\/\/enlamira.info\/wp-content\/uploads\/2026\/04\/WhatsApp-Image-2026-04-29-at-12.37.31-1536x1152.jpeg 1536w, https:\/\/enlamira.info\/wp-content\/uploads\/2026\/04\/WhatsApp-Image-2026-04-29-at-12.37.31.jpeg 1600w\" sizes=\"(max-width: 1024px) 100vw, 1024px\" \/><\/figure>\n<\/blockquote>\n\n\n\n<p><strong>El desaf\u00edo al debate:<\/strong><\/p>\n\n\n\n<blockquote class=\"wp-block-quote\">\n<p>&#8220;Le pido a los medios, a vos Marcelo, que le hagan llegar a la doctora Adriana Coliqueo que la invito a tener un debate. Viernes, s\u00e1bado o domingo, cuando ella quiera. Con el m\u00e1ximo de los respetos, intercambiando ideas. Eso es lo que quiero&#8221;.<\/p>\n<\/blockquote>\n\n\n\n<figure class=\"wp-block-image size-large\"><img loading=\"lazy\" decoding=\"async\" width=\"1024\" height=\"678\" src=\"https:\/\/enlamira.info\/wp-content\/uploads\/2026\/04\/DSC7078-1024x678.jpg\" alt=\"\" class=\"wp-image-22142\" srcset=\"https:\/\/enlamira.info\/wp-content\/uploads\/2026\/04\/DSC7078-1024x678.jpg 1024w, https:\/\/enlamira.info\/wp-content\/uploads\/2026\/04\/DSC7078-300x199.jpg 300w, https:\/\/enlamira.info\/wp-content\/uploads\/2026\/04\/DSC7078-768x509.jpg 768w, https:\/\/enlamira.info\/wp-content\/uploads\/2026\/04\/DSC7078-1536x1017.jpg 1536w, https:\/\/enlamira.info\/wp-content\/uploads\/2026\/04\/DSC7078-2048x1356.jpg 2048w\" sizes=\"(max-width: 1024px) 100vw, 1024px\" \/><\/figure>\n\n\n\n<hr class=\"wp-block-separator has-alpha-channel-opacity\"\/>\n\n\n\n<h3 class=\"wp-block-heading\"><strong>Hacia el 5 de mayo<\/strong><\/h3>\n\n\n\n<p>Con un fuerte enfoque en la creaci\u00f3n de espacios de <em>coworking<\/em> para j\u00f3venes abogados y la pelea por honorarios dignos, la Lista 14 cerr\u00f3 su presentaci\u00f3n con un llamado a la movilizaci\u00f3n masiva. La propuesta de Raid\u00e1n busca romper con lo que defini\u00f3 como &#8220;matriculados de primera y de segunda&#8221;, prometiendo un colegio con puertas abiertas las 24 horas y presencia constante en el d\u00eda a d\u00eda de los tribunales de Avellaneda y Lan\u00fas.<\/p>\n\n\n\n<hr class=\"wp-block-separator has-alpha-channel-opacity\"\/>\n\n\n\n<p><em>Nota producida para <strong>Multimedio En La Mira<\/strong>.<\/em><\/p>\n\n\n\n<p><em>Seguinos en Instagram: <strong>@multimedioenlamiraok<\/strong><\/em><\/p>\n\n\n\n<figure class=\"wp-block-embed is-type-video is-provider-youtube wp-block-embed-youtube wp-embed-aspect-16-9 wp-has-aspect-ratio\"><div class=\"wp-block-embed__wrapper\">\n<iframe loading=\"lazy\" title=\"DIEGO RAID\u00c1N. CANDIDATO A PRESIDENTE COLEGIO ABOGADOS AVELLANEDA LAN\u00daS \" width=\"640\" height=\"360\" src=\"https:\/\/www.youtube.com\/embed\/AFAEP5gy63g?start=7&#038;feature=oembed\" frameborder=\"0\" allow=\"accelerometer; autoplay; clipboard-write; encrypted-media; gyroscope; picture-in-picture; web-share\" referrerpolicy=\"strict-origin-when-cross-origin\" allowfullscreen><\/iframe>\n<\/div><\/figure>\n","protected":false},"excerpt":{"rendered":"<p>En un sal\u00f3n colmado en su capacidad y con el respaldo de diversos sectores, la Lista 14 present\u00f3 sus propuestas para las elecciones del Colegio de Abogados de Avellaneda-Lan\u00fas (CAAL). El candidato a presidente, Diego Raid\u00e1n, llam\u00f3 a terminar con la &#8220;burocracia de sill\u00f3n&#8221; y recuperar la dignidad profesional. Por Marcelo Brunwald Fotos Pablo Chamarra [&hellip;]<\/p>\n","protected":false},"author":1,"featured_media":22138,"comment_status":"open","ping_status":"open","sticky":false,"template":"","format":"standard","meta":{"footnotes":""},"categories":[1,5],"tags":[2260,2259],"_links":{"self":[{"href":"https:\/\/enlamira.info\/index.php\/wp-json\/wp\/v2\/posts\/22133"}],"collection":[{"href":"https:\/\/enlamira.info\/index.php\/wp-json\/wp\/v2\/posts"}],"about":[{"href":"https:\/\/enlamira.info\/index.php\/wp-json\/wp\/v2\/types\/post"}],"author":[{"embeddable":true,"href":"https:\/\/enlamira.info\/index.php\/wp-json\/wp\/v2\/users\/1"}],"replies":[{"embeddable":true,"href":"https:\/\/enlamira.info\/index.php\/wp-json\/wp\/v2\/comments?post=22133"}],"version-history":[{"count":2,"href":"https:\/\/enlamira.info\/index.php\/wp-json\/wp\/v2\/posts\/22133\/revisions"}],"predecessor-version":[{"id":22145,"href":"https:\/\/enlamira.info\/index.php\/wp-json\/wp\/v2\/posts\/22133\/revisions\/22145"}],"wp:featuredmedia":[{"embeddable":true,"href":"https:\/\/enlamira.info\/index.php\/wp-json\/wp\/v2\/media\/22138"}],"wp:attachment":[{"href":"https:\/\/enlamira.info\/index.php\/wp-json\/wp\/v2\/media?parent=22133"}],"wp:term":[{"taxonomy":"category","embeddable":true,"href":"https:\/\/enlamira.info\/index.php\/wp-json\/wp\/v2\/categories?post=22133"},{"taxonomy":"post_tag","embeddable":true,"href":"https:\/\/enlamira.info\/index.php\/wp-json\/wp\/v2\/tags?post=22133"}],"curies":[{"name":"wp","href":"https:\/\/api.w.org\/{rel}","templated":true}]}}