{"id":22125,"date":"2026-04-28T00:03:00","date_gmt":"2026-04-28T03:03:00","guid":{"rendered":"https:\/\/enlamira.info\/?p=22125"},"modified":"2026-04-27T21:34:35","modified_gmt":"2026-04-28T00:34:35","slug":"piden-perpetua-para-los-dos-acusados-de-asesinar-a-un-policia-en-burzaco","status":"publish","type":"post","link":"https:\/\/enlamira.info\/index.php\/2026\/04\/28\/piden-perpetua-para-los-dos-acusados-de-asesinar-a-un-policia-en-burzaco\/","title":{"rendered":"Piden perpetua para los dos acusados de asesinar a un polic\u00eda en Burzaco"},"content":{"rendered":"\n<p>El abogado de la familia del polic\u00eda Horacio Ezequiel Borja L\u00f3pez, asesinado el 2 de junio de 2023, en Burzaco, pidi\u00f3 la pena de prisi\u00f3n perpetua para los dos acusados por ese hecho. En tanto, el fiscal de Lomas de Zamora Andr\u00e9s Procopio pidi\u00f3 4 y 6 a\u00f1os para los imputados ya que no consider\u00f3 que est\u00e9n ligados al asesinato<\/p>\n\n\n\n<p>Fuentes judiciales informaron que el abogado Jos\u00edas Gallardo, de la familia de la v\u00edctima, solicit\u00f3 que se condene a prisi\u00f3n perpetua por el delito de homicidio agravado a los acusados Ezequiel Torres y Rom\u00e1n Camargo.<\/p>\n\n\n\n<p>En tanto, el fiscal Andr\u00e9s Procopio pidi\u00f3 que se los condene a 4 y 6 a\u00f1os de prisi\u00f3n, respectivamente, por tenencia ilegal de arma de fuego. A Torres, quien est\u00e1 detenido, lo consider\u00f3 culpable de resistencia a la autoridad. Por su parte, Camargo se encuentra con prisi\u00f3n domiciliaria.<\/p>\n\n\n\n<p>Las defensas de ambos imputados, en tanto, solicitaron su absoluci\u00f3n. El lunes 27 de este mes se conocer\u00e1 la sentencia.<\/p>\n\n\n\n<p>En la \u00fanica jornada del juicio, que se desarroll\u00f3 este lunes en el Tribunal Oral en lo Criminal (TOC) 1 de Lomas de Zamora declararon un ni\u00f1o que fue testigo de parte de lo ocurrido la noche del crimen, el propietario de la vivienda de Burzaco a la que concurri\u00f3 la v\u00edctima, Horacio Ezequiel Borja L\u00f3pez, y una mujer polic\u00eda, Nahir Torrilla, que reconoci\u00f3 el auto del que bajaron los asesinos como de los hermanos Torres. Tambi\u00e9n prest\u00f3 declaraci\u00f3n una testigo ofrecida por la defensa de Rom\u00e1n Camargo.<\/p>\n\n\n\n<p>Los familiares del polic\u00eda asesinado reclamaron que se condene a los dos acusados a prisi\u00f3n perpetua ya que aseguran que las pruebas indican que participaron del asesinato del joven polic\u00eda.<\/p>\n\n\n\n<p>En el caso de Camargo est\u00e1 involucrado porque se le encontr\u00f3 el arma con la que asesinaron al polic\u00eda Horacio Borja L\u00f3pez. En tanto,  seg\u00fan la acusaci\u00f3n de la instrucci\u00f3n, Torres fue identificado como quien conduc\u00eda el auto en el que se movilizaban los asesinos. Los dos acusados llegan a juicio oral imputados de \u201chomicidio agravado por el empleo de arma de fuego\u201d.<\/p>\n\n\n\n<p>En el inicio de la investigaci\u00f3n, el fiscal hab\u00eda ordenado una serie de allanamientos a ra\u00edz de determinarse que los asesinos integraban una banda dedicada al robo de motos en la zona de   Burzaco, Longchamps y Don Orione. En ese contexto fueron detenidas varias personas, casi todas acusadas por tenencia ilegal de arma de guerra.<\/p>\n\n\n\n<p>Uno de los detenidos, que cay\u00f3 en una vivienda de la calle Margarita Xirg\u00fa, en Claypole, partido de Almirante Brown, ten\u00eda una pistola calibre 9 mil\u00edmetros. Al igual que otras, el fiscal dispuso su peritaje.  Como resultado de esa diligencia surgi\u00f3 que se trataba del arma usada para matar al polic\u00eda en Burzaco.<\/p>\n\n\n\n<p>Por esto, Rom\u00e1n Camargo fue imputado tambi\u00e9n por el homicidio ocurrido el 2 de junio de 2023.  Por distintos testimonios, m\u00e1s tarde la fiscal\u00eda de instrucci\u00f3n determin\u00f3 que Torres era quien conduc\u00eda el auto del que bajaron los asesinos del polic\u00eda, de 22 a\u00f1os.<\/p>\n","protected":false},"excerpt":{"rendered":"<p>El abogado de la familia del polic\u00eda Horacio Ezequiel Borja L\u00f3pez, asesinado el 2 de junio de 2023, en Burzaco, pidi\u00f3 la pena de prisi\u00f3n perpetua para los dos acusados por ese hecho. En tanto, el fiscal de Lomas de Zamora Andr\u00e9s Procopio pidi\u00f3 4 y 6 a\u00f1os para los imputados ya que no consider\u00f3 [&hellip;]<\/p>\n","protected":false},"author":4,"featured_media":22122,"comment_status":"open","ping_status":"open","sticky":false,"template":"","format":"standard","meta":{"footnotes":""},"categories":[1,126],"tags":[28],"_links":{"self":[{"href":"https:\/\/enlamira.info\/index.php\/wp-json\/wp\/v2\/posts\/22125"}],"collection":[{"href":"https:\/\/enlamira.info\/index.php\/wp-json\/wp\/v2\/posts"}],"about":[{"href":"https:\/\/enlamira.info\/index.php\/wp-json\/wp\/v2\/types\/post"}],"author":[{"embeddable":true,"href":"https:\/\/enlamira.info\/index.php\/wp-json\/wp\/v2\/users\/4"}],"replies":[{"embeddable":true,"href":"https:\/\/enlamira.info\/index.php\/wp-json\/wp\/v2\/comments?post=22125"}],"version-history":[{"count":1,"href":"https:\/\/enlamira.info\/index.php\/wp-json\/wp\/v2\/posts\/22125\/revisions"}],"predecessor-version":[{"id":22126,"href":"https:\/\/enlamira.info\/index.php\/wp-json\/wp\/v2\/posts\/22125\/revisions\/22126"}],"wp:featuredmedia":[{"embeddable":true,"href":"https:\/\/enlamira.info\/index.php\/wp-json\/wp\/v2\/media\/22122"}],"wp:attachment":[{"href":"https:\/\/enlamira.info\/index.php\/wp-json\/wp\/v2\/media?parent=22125"}],"wp:term":[{"taxonomy":"category","embeddable":true,"href":"https:\/\/enlamira.info\/index.php\/wp-json\/wp\/v2\/categories?post=22125"},{"taxonomy":"post_tag","embeddable":true,"href":"https:\/\/enlamira.info\/index.php\/wp-json\/wp\/v2\/tags?post=22125"}],"curies":[{"name":"wp","href":"https:\/\/api.w.org\/{rel}","templated":true}]}}