{"id":22114,"date":"2026-04-26T21:53:36","date_gmt":"2026-04-27T00:53:36","guid":{"rendered":"https:\/\/enlamira.info\/?p=22114"},"modified":"2026-04-26T21:53:36","modified_gmt":"2026-04-27T00:53:36","slug":"25-anos-de-la-diocesis-de-avellaneda-lanus","status":"publish","type":"post","link":"https:\/\/enlamira.info\/index.php\/2026\/04\/26\/25-anos-de-la-diocesis-de-avellaneda-lanus\/","title":{"rendered":"25 A\u00d1OS DE LA DI\u00d3CESIS DE AVELLANEDA-LAN\u00daS"},"content":{"rendered":"\n<p>III SEMANA DE PASCUA \u00b7 JUAN 6,52-59 <\/p>\n\n\n\n<p><strong>Hermanos y hermanas:<\/strong><\/p>\n\n\n\n<p>Hoy la liturgia nos regala una coincidencia que no es casualidad. Estamos en Pascua \u2014 tiempo de vida nueva \u2014 y celebramos 25 a\u00f1os caminando juntos como Iglesia en Avellaneda y Lan\u00fas.<\/p>\n\n\n\n<p>Y el Evangelio nos habla de pan. De un pan que da vida para siempre.<\/p>\n\n\n\n<p>Los jud\u00edos discut\u00edan entre s\u00ed, escandalizados:&nbsp;<em>\u201c\u00bfC\u00f3mo este hombre puede darnos a comer su carne?\u201d<\/em><\/p>\n\n\n\n<p>Es una pregunta honesta. Y Jes\u00fas no la suaviza. No dice \u201ces solo un s\u00edmbolo\u201d. Insiste, con m\u00e1s fuerza todav\u00eda.<\/p>\n\n\n\n<p>Es la misma pregunta que a veces nos hacemos nosotros, mirando nuestra di\u00f3cesis, nuestras comunidades, nuestra propia vida:<\/p>\n\n\n\n<p><strong>\u00bfDe d\u00f3nde sacamos vida para seguir?<\/strong><\/p>\n\n\n\n<p>Veinticinco a\u00f1os no son pocos. Hay luces y hay sombras. Hay, como dec\u00eda Ezequiel en el texto que trabajamos en la cueresma, huesos secos \u2014 y hay tambi\u00e9n signos de vida nueva. Hay cansancio y hay esperanza. Hay heridas y hay comuni\u00f3n.<\/p>\n\n\n\n<p>Jes\u00fas responde hoy a esa pregunta. No con un programa. No con una estrategia pastoral. Sino con una promesa:<\/p>\n\n\n\n<p><em>\u201cEl que come mi carne y bebe mi sangre permanece en m\u00ed y yo en \u00e9l\u201d.<\/em><\/p>\n\n\n\n<p>Y m\u00e1s todav\u00eda:&nbsp;<em>\u201cAs\u00ed como yo, que he sido enviado por el Padre que tiene Vida, vivo por el Padre, de la misma manera, el que me come vivir\u00e1 por m\u00ed\u201d.<\/em><\/p>\n\n\n\n<p>Nuestra vida diocesana no se sostiene por nuestros m\u00e9ritos ni por nuestra organizaci\u00f3n. Se sostiene porque \u00e9l camina con nosotros \u2014 como cantamos en el himno jubilar. Porque cada vez que nos reunimos alrededor de la Eucarist\u00eda, renovamos la alianza. Recibimos su vida. Somos enviados.<\/p>\n\n\n\n<p>Por eso el lema de este Jubileo no dice&nbsp;<em>\u201cmiramos atr\u00e1s con orgullo\u201d<\/em>. Dice:<\/p>\n\n\n\n<p><strong>\u201cRenovando la alianza, caminamos juntos\u201d.<\/strong><\/p>\n\n\n\n<p>Renovar la alianza es volver a decirle s\u00ed a Dios. Como en el bautismo. Como en cada Eucarist\u00eda. Como hoy.<\/p>\n\n\n\n<p>Y caminar juntos significa que nadie queda afuera.&nbsp;<em>A todos, todos, todos<\/em>&nbsp;\u2014 como repite el himno que ya es nuestro.<\/p>\n\n\n\n<p>Jes\u00fas ense\u00f1aba estas cosas en la sinagoga de Cafarna\u00fam \u2014 en p\u00fablico, sin retroceder, asumiendo el esc\u00e1ndalo de sus palabras.<\/p>\n\n\n\n<p>Hoy nosotros, en estas comunidades de Avellaneda y Lan\u00fas, recibimos el mismo pan. La misma vida. El mismo env\u00edo.<\/p>\n\n\n\n<p>Que estos 25 a\u00f1os nos encuentren con hambre verdadera. Con puertas abiertas. Con el fuego del Esp\u00edritu que, como dice el Apocalipsis,&nbsp;<em>\u201chace nuevas todas las cosas\u201d<\/em>.<\/p>\n\n\n\n<p><strong>\u00a1Feliz aniversario, Iglesia de Avellaneda-Lan\u00fas!<\/strong><\/p>\n\n\n\n<p>Am\u00e9n.<\/p>\n\n\n\n<p>\u2629 Padre Obispo Marcelo (Maxi) Margni<br><em>Obispo de Avellaneda-Lan\u00fas<\/em><\/p>\n\n\n\n<p>Avellaneda-Lan\u00fas, 24 de abril de 2026<em>.<\/em><\/p>\n","protected":false},"excerpt":{"rendered":"<p>III SEMANA DE PASCUA \u00b7 JUAN 6,52-59 Hermanos y hermanas: Hoy la liturgia nos regala una coincidencia que no es casualidad. Estamos en Pascua \u2014 tiempo de vida nueva \u2014 y celebramos 25 a\u00f1os caminando juntos como Iglesia en Avellaneda y Lan\u00fas. Y el Evangelio nos habla de pan. De un pan que da vida [&hellip;]<\/p>\n","protected":false},"author":1,"featured_media":22115,"comment_status":"open","ping_status":"open","sticky":false,"template":"","format":"standard","meta":{"footnotes":""},"categories":[34],"tags":[],"_links":{"self":[{"href":"https:\/\/enlamira.info\/index.php\/wp-json\/wp\/v2\/posts\/22114"}],"collection":[{"href":"https:\/\/enlamira.info\/index.php\/wp-json\/wp\/v2\/posts"}],"about":[{"href":"https:\/\/enlamira.info\/index.php\/wp-json\/wp\/v2\/types\/post"}],"author":[{"embeddable":true,"href":"https:\/\/enlamira.info\/index.php\/wp-json\/wp\/v2\/users\/1"}],"replies":[{"embeddable":true,"href":"https:\/\/enlamira.info\/index.php\/wp-json\/wp\/v2\/comments?post=22114"}],"version-history":[{"count":1,"href":"https:\/\/enlamira.info\/index.php\/wp-json\/wp\/v2\/posts\/22114\/revisions"}],"predecessor-version":[{"id":22116,"href":"https:\/\/enlamira.info\/index.php\/wp-json\/wp\/v2\/posts\/22114\/revisions\/22116"}],"wp:featuredmedia":[{"embeddable":true,"href":"https:\/\/enlamira.info\/index.php\/wp-json\/wp\/v2\/media\/22115"}],"wp:attachment":[{"href":"https:\/\/enlamira.info\/index.php\/wp-json\/wp\/v2\/media?parent=22114"}],"wp:term":[{"taxonomy":"category","embeddable":true,"href":"https:\/\/enlamira.info\/index.php\/wp-json\/wp\/v2\/categories?post=22114"},{"taxonomy":"post_tag","embeddable":true,"href":"https:\/\/enlamira.info\/index.php\/wp-json\/wp\/v2\/tags?post=22114"}],"curies":[{"name":"wp","href":"https:\/\/api.w.org\/{rel}","templated":true}]}}