{"id":22092,"date":"2026-04-26T12:59:19","date_gmt":"2026-04-26T15:59:19","guid":{"rendered":"https:\/\/enlamira.info\/?p=22092"},"modified":"2026-04-26T12:59:19","modified_gmt":"2026-04-26T15:59:19","slug":"lanus-fue-epicentro-de-un-encuentro-clave-para-el-desarrollo-social-y-la-produccion-regional","status":"publish","type":"post","link":"https:\/\/enlamira.info\/index.php\/2026\/04\/26\/lanus-fue-epicentro-de-un-encuentro-clave-para-el-desarrollo-social-y-la-produccion-regional\/","title":{"rendered":"Lan\u00fas fue epicentro de un encuentro clave para el desarrollo social y la producci\u00f3n regional"},"content":{"rendered":"\n<hr class=\"wp-block-separator has-alpha-channel-opacity\"\/>\n\n\n\n<figure class=\"wp-block-image size-large\"><img loading=\"lazy\" decoding=\"async\" width=\"473\" height=\"1024\" src=\"https:\/\/enlamira.info\/wp-content\/uploads\/2026\/04\/7d8a5c39-edcf-4d37-928c-61d4a0188295-473x1024.jpg\" alt=\"\" class=\"wp-image-22109\" srcset=\"https:\/\/enlamira.info\/wp-content\/uploads\/2026\/04\/7d8a5c39-edcf-4d37-928c-61d4a0188295-473x1024.jpg 473w, https:\/\/enlamira.info\/wp-content\/uploads\/2026\/04\/7d8a5c39-edcf-4d37-928c-61d4a0188295-139x300.jpg 139w, https:\/\/enlamira.info\/wp-content\/uploads\/2026\/04\/7d8a5c39-edcf-4d37-928c-61d4a0188295-768x1661.jpg 768w, https:\/\/enlamira.info\/wp-content\/uploads\/2026\/04\/7d8a5c39-edcf-4d37-928c-61d4a0188295-710x1536.jpg 710w, https:\/\/enlamira.info\/wp-content\/uploads\/2026\/04\/7d8a5c39-edcf-4d37-928c-61d4a0188295-947x2048.jpg 947w, https:\/\/enlamira.info\/wp-content\/uploads\/2026\/04\/7d8a5c39-edcf-4d37-928c-61d4a0188295-scaled.jpg 1184w\" sizes=\"(max-width: 473px) 100vw, 473px\" \/><\/figure>\n\n\n\n<p><strong>Con la presencia de referentes nacionales y locales, se llev\u00f3 adelante una jornada estrat\u00e9gica que vincul\u00f3 el cooperativismo, la gesti\u00f3n social y el proyecto nacional &#8220;Argentina Azul&#8221;.<\/strong><\/p>\n\n\n\n<p><strong>LAN\u00daS |<\/strong> La Casa Vasca de Lan\u00fas Oeste se visti\u00f3 de gala para recibir a destacados l\u00edderes de la sociedad civil y la pol\u00edtica social en un encuentro que busc\u00f3 trazar nuevas hojas de ruta para el crecimiento comunitario. El evento cont\u00f3 con la participaci\u00f3n central de <strong>Luj\u00e1n Lallana<\/strong>, coordinadora nacional de Mujeres, <strong>Carlos Traboulsi<\/strong>, presidente de Argentina Azul, y referentes del sector cooperativo como <strong>Alicia Guti\u00e9rrez<\/strong>, quienes coincidieron en la necesidad de fortalecer los lazos territoriales.<\/p>\n\n\n\n<figure class=\"wp-block-image size-large\"><img loading=\"lazy\" decoding=\"async\" width=\"473\" height=\"1024\" src=\"https:\/\/enlamira.info\/wp-content\/uploads\/2026\/04\/95d36474-bc08-4b2f-b5f7-56acd2047a73-473x1024.jpg\" alt=\"\" class=\"wp-image-22110\" srcset=\"https:\/\/enlamira.info\/wp-content\/uploads\/2026\/04\/95d36474-bc08-4b2f-b5f7-56acd2047a73-473x1024.jpg 473w, https:\/\/enlamira.info\/wp-content\/uploads\/2026\/04\/95d36474-bc08-4b2f-b5f7-56acd2047a73-139x300.jpg 139w, https:\/\/enlamira.info\/wp-content\/uploads\/2026\/04\/95d36474-bc08-4b2f-b5f7-56acd2047a73-768x1661.jpg 768w, https:\/\/enlamira.info\/wp-content\/uploads\/2026\/04\/95d36474-bc08-4b2f-b5f7-56acd2047a73-710x1536.jpg 710w, https:\/\/enlamira.info\/wp-content\/uploads\/2026\/04\/95d36474-bc08-4b2f-b5f7-56acd2047a73-947x2048.jpg 947w, https:\/\/enlamira.info\/wp-content\/uploads\/2026\/04\/95d36474-bc08-4b2f-b5f7-56acd2047a73-scaled.jpg 1183w\" sizes=\"(max-width: 473px) 100vw, 473px\" \/><\/figure>\n\n\n\n<h3 class=\"wp-block-heading\">El rol de las mujeres y las cooperativas<\/h3>\n\n\n\n<p>Uno de los puntos m\u00e1s altos de la jornada fue la intervenci\u00f3n de <strong>Luj\u00e1n Lallana<\/strong>. Con una mirada puesta en el empoderamiento y la organizaci\u00f3n, Lallana destac\u00f3 la importancia del trabajo en red a nivel pa\u00eds: <em>&#8220;El rol de la mujer es la columna vertebral de la transformaci\u00f3n social que hoy necesitamos&#8221;<\/em> expres\u00f3, bajo su rol de coordinadora de mujeres a nivel nacional.<\/p>\n\n\n\n<figure class=\"wp-block-image size-large\"><img loading=\"lazy\" decoding=\"async\" width=\"473\" height=\"1024\" src=\"https:\/\/enlamira.info\/wp-content\/uploads\/2026\/04\/865e3ca0-bfe6-4c93-a89b-50617a441bee-473x1024.jpg\" alt=\"\" class=\"wp-image-22111\" srcset=\"https:\/\/enlamira.info\/wp-content\/uploads\/2026\/04\/865e3ca0-bfe6-4c93-a89b-50617a441bee-473x1024.jpg 473w, https:\/\/enlamira.info\/wp-content\/uploads\/2026\/04\/865e3ca0-bfe6-4c93-a89b-50617a441bee-139x300.jpg 139w, https:\/\/enlamira.info\/wp-content\/uploads\/2026\/04\/865e3ca0-bfe6-4c93-a89b-50617a441bee-768x1662.jpg 768w, https:\/\/enlamira.info\/wp-content\/uploads\/2026\/04\/865e3ca0-bfe6-4c93-a89b-50617a441bee-710x1536.jpg 710w, https:\/\/enlamira.info\/wp-content\/uploads\/2026\/04\/865e3ca0-bfe6-4c93-a89b-50617a441bee-946x2048.jpg 946w, https:\/\/enlamira.info\/wp-content\/uploads\/2026\/04\/865e3ca0-bfe6-4c93-a89b-50617a441bee-scaled.jpg 1183w\" sizes=\"(max-width: 473px) 100vw, 473px\" \/><\/figure>\n\n\n\n<p>Por su parte, el impulso del sector productivo estuvo representado por la mirada de <strong>Alicia Guti\u00e9rrez<\/strong>, referente del \u00e1mbito de las cooperativas, quien junto a las autoridades locales analiz\u00f3 los desaf\u00edos de la econom\u00eda popular en el actual contexto bonaerense.<\/p>\n\n\n\n<figure class=\"wp-block-image size-large\"><img loading=\"lazy\" decoding=\"async\" width=\"1024\" height=\"768\" src=\"https:\/\/enlamira.info\/wp-content\/uploads\/2026\/04\/e3208eea-4e68-4ab2-940c-9a01690213c1-1024x768.jpg\" alt=\"\" class=\"wp-image-22112\" srcset=\"https:\/\/enlamira.info\/wp-content\/uploads\/2026\/04\/e3208eea-4e68-4ab2-940c-9a01690213c1-1024x768.jpg 1024w, https:\/\/enlamira.info\/wp-content\/uploads\/2026\/04\/e3208eea-4e68-4ab2-940c-9a01690213c1-300x225.jpg 300w, https:\/\/enlamira.info\/wp-content\/uploads\/2026\/04\/e3208eea-4e68-4ab2-940c-9a01690213c1-768x576.jpg 768w, https:\/\/enlamira.info\/wp-content\/uploads\/2026\/04\/e3208eea-4e68-4ab2-940c-9a01690213c1-1536x1152.jpg 1536w, https:\/\/enlamira.info\/wp-content\/uploads\/2026\/04\/e3208eea-4e68-4ab2-940c-9a01690213c1-2048x1536.jpg 2048w\" sizes=\"(max-width: 1024px) 100vw, 1024px\" \/><\/figure>\n\n\n\n<h3 class=\"wp-block-heading\">Un proyecto con visi\u00f3n de pa\u00eds: Argentina Azul<\/h3>\n\n\n\n<p><strong>Carlos Traboulsi<\/strong>, presidente de <strong>Argentina Azul<\/strong>, expuso los pilares de su espacio, destacando la importancia de la soberan\u00eda y el desarrollo productivo. Lo acompa\u00f1aron en la mesa estrat\u00e9gica <strong>Gabriel Pollio<\/strong> (Coordinador Provincial) y <strong>Christian Sebastian Juarez<\/strong> (Coordinador de CABA), consolidando un frente de trabajo que une al conurbano con la capital federal.<\/p>\n\n\n\n<h3 class=\"wp-block-heading\">Protagonistas del encuentro<\/h3>\n\n\n\n<p>El anfitri\u00f3n, <strong>Miguel Echeverr\u00eda<\/strong>, presidente de la Casa Vasca, dio la bienvenida a una comitiva diversa que incluy\u00f3 a:<\/p>\n\n\n\n<ul>\n<li><strong>Karina Vera:<\/strong> Coordinadora de Lan\u00fas, pieza clave en el armado local.<\/li>\n\n\n\n<li><strong>V\u00edctor Lazarte:<\/strong> Presidente de la Asociaci\u00f3n Civil &#8220;Pulso Vital E.&#8221; (Esteban Echeverr\u00eda).<\/li>\n\n\n\n<li><strong>Carina Burgoa:<\/strong> Referente espiritual que aport\u00f3 su visi\u00f3n comunitaria.<\/li>\n<\/ul>\n\n\n\n<p>La jornada cerr\u00f3 con un compromiso conjunto de los referentes para continuar estas mesas de trabajo en los distintos distritos de la provincia, poniendo el foco en la gesti\u00f3n de cercan\u00eda y el fortalecimiento de las instituciones que sostienen el d\u00eda a d\u00eda de los vecinos.<\/p>\n\n\n\n<figure class=\"wp-block-image size-large\"><img loading=\"lazy\" decoding=\"async\" width=\"768\" height=\"1024\" src=\"https:\/\/enlamira.info\/wp-content\/uploads\/2026\/04\/07b8dcec-a3ce-4337-945b-555fc5b4b07a-768x1024.jpg\" alt=\"\" class=\"wp-image-22108\" srcset=\"https:\/\/enlamira.info\/wp-content\/uploads\/2026\/04\/07b8dcec-a3ce-4337-945b-555fc5b4b07a-768x1024.jpg 768w, https:\/\/enlamira.info\/wp-content\/uploads\/2026\/04\/07b8dcec-a3ce-4337-945b-555fc5b4b07a-225x300.jpg 225w, https:\/\/enlamira.info\/wp-content\/uploads\/2026\/04\/07b8dcec-a3ce-4337-945b-555fc5b4b07a-1152x1536.jpg 1152w, https:\/\/enlamira.info\/wp-content\/uploads\/2026\/04\/07b8dcec-a3ce-4337-945b-555fc5b4b07a-1536x2048.jpg 1536w, https:\/\/enlamira.info\/wp-content\/uploads\/2026\/04\/07b8dcec-a3ce-4337-945b-555fc5b4b07a-scaled.jpg 1920w\" sizes=\"(max-width: 768px) 100vw, 768px\" \/><\/figure>\n","protected":false},"excerpt":{"rendered":"<p>Con la presencia de referentes nacionales y locales, se llev\u00f3 adelante una jornada estrat\u00e9gica que vincul\u00f3 el cooperativismo, la gesti\u00f3n social y el proyecto nacional &#8220;Argentina Azul&#8221;. LAN\u00daS | La Casa Vasca de Lan\u00fas Oeste se visti\u00f3 de gala para recibir a destacados l\u00edderes de la sociedad civil y la pol\u00edtica social en un encuentro [&hellip;]<\/p>\n","protected":false},"author":1,"featured_media":22112,"comment_status":"open","ping_status":"open","sticky":false,"template":"","format":"standard","meta":{"footnotes":""},"categories":[1,5,34],"tags":[2258],"_links":{"self":[{"href":"https:\/\/enlamira.info\/index.php\/wp-json\/wp\/v2\/posts\/22092"}],"collection":[{"href":"https:\/\/enlamira.info\/index.php\/wp-json\/wp\/v2\/posts"}],"about":[{"href":"https:\/\/enlamira.info\/index.php\/wp-json\/wp\/v2\/types\/post"}],"author":[{"embeddable":true,"href":"https:\/\/enlamira.info\/index.php\/wp-json\/wp\/v2\/users\/1"}],"replies":[{"embeddable":true,"href":"https:\/\/enlamira.info\/index.php\/wp-json\/wp\/v2\/comments?post=22092"}],"version-history":[{"count":1,"href":"https:\/\/enlamira.info\/index.php\/wp-json\/wp\/v2\/posts\/22092\/revisions"}],"predecessor-version":[{"id":22113,"href":"https:\/\/enlamira.info\/index.php\/wp-json\/wp\/v2\/posts\/22092\/revisions\/22113"}],"wp:featuredmedia":[{"embeddable":true,"href":"https:\/\/enlamira.info\/index.php\/wp-json\/wp\/v2\/media\/22112"}],"wp:attachment":[{"href":"https:\/\/enlamira.info\/index.php\/wp-json\/wp\/v2\/media?parent=22092"}],"wp:term":[{"taxonomy":"category","embeddable":true,"href":"https:\/\/enlamira.info\/index.php\/wp-json\/wp\/v2\/categories?post=22092"},{"taxonomy":"post_tag","embeddable":true,"href":"https:\/\/enlamira.info\/index.php\/wp-json\/wp\/v2\/tags?post=22092"}],"curies":[{"name":"wp","href":"https:\/\/api.w.org\/{rel}","templated":true}]}}