{"id":22091,"date":"2026-04-26T12:29:47","date_gmt":"2026-04-26T15:29:47","guid":{"rendered":"https:\/\/enlamira.info\/?p=22091"},"modified":"2026-04-26T12:29:47","modified_gmt":"2026-04-26T15:29:47","slug":"cafe-del-rio-el-garaje-que-se-convirtio-en-rincon-de-barrio-y-punto-de-encuentro-en-avellaneda","status":"publish","type":"post","link":"https:\/\/enlamira.info\/index.php\/2026\/04\/26\/cafe-del-rio-el-garaje-que-se-convirtio-en-rincon-de-barrio-y-punto-de-encuentro-en-avellaneda\/","title":{"rendered":"Caf\u00e9 del R\u00edo: el garaje que se convirti\u00f3 en rinc\u00f3n de barrio y punto de encuentro en Avellaneda"},"content":{"rendered":"\n<p>Roca y Su\u00e1rez. Una ma\u00f1ana apacible en Avellaneda y, en la vereda, se siente ese bullicio amable de siempre: vecinos que se saludan, la encargada de la peluquer\u00eda pasando a saludar, un grupo de trabajadores que festeja un cumplea\u00f1os con medialunas y caf\u00e9 humeante. En el coraz\u00f3n de ese paisaje est\u00e1 el Caf\u00e9 del R\u00edo, un emprendimiento de barrio con olor a reposter\u00eda casera y una historia que tiene sabor a pospandemia.<\/p>\n\n\n\n<figure class=\"wp-block-image size-full\"><img loading=\"lazy\" decoding=\"async\" width=\"614\" height=\"819\" src=\"https:\/\/enlamira.info\/wp-content\/uploads\/2026\/04\/rio1-1.jpg\" alt=\"\" class=\"wp-image-22097\" srcset=\"https:\/\/enlamira.info\/wp-content\/uploads\/2026\/04\/rio1-1.jpg 614w, https:\/\/enlamira.info\/wp-content\/uploads\/2026\/04\/rio1-1-225x300.jpg 225w\" sizes=\"(max-width: 614px) 100vw, 614px\" \/><\/figure>\n\n\n\n<p>Daniel del R\u00edo, su due\u00f1o, cuenta con una sonrisa, mientras recibe a su nieto, un rubito inquieto: \u201cLo hicimos con mi esposa Rosana despu\u00e9s de la pandemia. Empezamos en el garaje, con la m\u00e1quina y la idea de vender por una ventanita. Cinco a\u00f1os despu\u00e9s el auto duerme en la calle y el caf\u00e9 entr\u00f3 en la vida del barrio\u201d. El lugar ocupa Roca 1522, y funciona de lunes a viernes de 8 a 12 y de 17:30 a 20:00; los s\u00e1bados de 9 a 12 y de 17:30 a 19:30.<\/p>\n\n\n\n<p>M\u00e1s que caf\u00e9: comunidad Lo que empez\u00f3 como una salida para seguir ligados al mundo del caf\u00e9 termin\u00f3 convirti\u00e9ndose en \u201cel caf\u00e9 del barrio\u201d: vecinas que salen de compras, alba\u00f1iles, m\u00fasicos, peluqueros, docentes jubilados, vecinos de Barracas, Quilmes y Wilde que vinieron una vez y se quedaron. \u201cTodo fue boca en boca \u2014dice Daniel\u2014. No hicimos promociones; nos adoptaron los vecinos\u201d.<\/p>\n\n\n\n<figure class=\"wp-block-image size-full\"><img loading=\"lazy\" decoding=\"async\" width=\"764\" height=\"942\" src=\"https:\/\/enlamira.info\/wp-content\/uploads\/2026\/04\/rio2-1.jpg\" alt=\"\" class=\"wp-image-22098\" srcset=\"https:\/\/enlamira.info\/wp-content\/uploads\/2026\/04\/rio2-1.jpg 764w, https:\/\/enlamira.info\/wp-content\/uploads\/2026\/04\/rio2-1-243x300.jpg 243w\" sizes=\"(max-width: 764px) 100vw, 764px\" \/><\/figure>\n\n\n\n<p>Mientras tanto, Daniel habla con Multimedio en la mira y sirve un caf\u00e8 a Fernando, parroquiano habitual de Cafe Del Rio, es nada menos que director de la Avellaneda Big Band: &#8220;Mucha gente de cultura para ac\u00e0&#8221;. <\/p>\n\n\n\n<p>Rosana Jes\u00fas, la art\u00edfice de la reposter\u00eda, aporta el otro ingrediente decisivo: \u201cHacemos todo con cari\u00f1o. Soy jubilada docente y estudi\u00e9 pasteler\u00eda en Gato Dumas, pero lo que marca la diferencia es la sensibilidad con que lo hacemos\u201d. Sus scons de queso, muffins de ar\u00e1ndanos y el bud\u00edn de manzana son los preferidos por la clientela, que vuelve por calidad y calidez.<\/p>\n\n\n\n<figure class=\"wp-block-image size-large\"><img loading=\"lazy\" decoding=\"async\" width=\"827\" height=\"1024\" src=\"https:\/\/enlamira.info\/wp-content\/uploads\/2026\/04\/Gemini_Generated_Image_bnmnpybnmnpybnmn-1-827x1024.png\" alt=\"\" class=\"wp-image-22106\" srcset=\"https:\/\/enlamira.info\/wp-content\/uploads\/2026\/04\/Gemini_Generated_Image_bnmnpybnmnpybnmn-1-827x1024.png 827w, https:\/\/enlamira.info\/wp-content\/uploads\/2026\/04\/Gemini_Generated_Image_bnmnpybnmnpybnmn-1-242x300.png 242w, https:\/\/enlamira.info\/wp-content\/uploads\/2026\/04\/Gemini_Generated_Image_bnmnpybnmnpybnmn-1-768x951.png 768w, https:\/\/enlamira.info\/wp-content\/uploads\/2026\/04\/Gemini_Generated_Image_bnmnpybnmnpybnmn-1.png 894w\" sizes=\"(max-width: 827px) 100vw, 827px\" \/><\/figure>\n\n\n\n<p>Un escenario vivo para la cultura El Caf\u00e9 del R\u00edo tambi\u00e9n se transform\u00f3 en semillero cultural: m\u00fasicos que se acercan entre caf\u00e9 y charla, espect\u00e1culos anunciados en un cartelito, y la posibilidad, aunque todav\u00eda incipiente, de armar reuniones o presentaciones en la vereda. \u201cA veces vinieron a tocar, y la idea es en el futuro tener un lugar m\u00e1s grande para hacerlo mejor\u201d, planean.<\/p>\n\n\n\n<p>El lugar es un reflejo de Avellaneda: pintoresco, colorido y poblado de personajes con historias. Daniel, exmarino mercante y trabajador en un tostadero de caf\u00e9, y Rosana, reposterista autodidacta y formada, re\u00fanen oficio y ternura para sostener un emprendimiento que, adem\u00e1s de dar trabajo, genera tejido social.<\/p>\n\n\n\n<figure class=\"wp-block-image size-full\"><img loading=\"lazy\" decoding=\"async\" width=\"768\" height=\"940\" src=\"https:\/\/enlamira.info\/wp-content\/uploads\/2026\/04\/rio7.jpg\" alt=\"\" class=\"wp-image-22100\" srcset=\"https:\/\/enlamira.info\/wp-content\/uploads\/2026\/04\/rio7.jpg 768w, https:\/\/enlamira.info\/wp-content\/uploads\/2026\/04\/rio7-245x300.jpg 245w\" sizes=\"(max-width: 768px) 100vw, 768px\" \/><\/figure>\n\n\n\n<p>Un caf\u00e9 con historia y futuro Caf\u00e9 del R\u00edo no es un local de dise\u00f1o ni una franquicia. Es un caf\u00e9 artesanal, de barrio, donde la gente encuentra no solo un buen caf\u00e9 y pasteler\u00eda casera, sino tambi\u00e9n un espacio para encontrarse, conversar, resolver un problema o celebrar un peque\u00f1o momento. \u201cEl p\u00fablico nos adopt\u00f3 \u2014dice Daniel\u2014 y eso es lo m\u00e1s lindo\u201d.<\/p>\n\n\n\n<p>Si pasando por Roca y Su\u00e1rez busc\u00e1s un lugar con calor humano, aroma a caf\u00e9 y la posibilidad de cruzarte con una vecina, un m\u00fasico o una historia para escuchar, Caf\u00e9 del R\u00edo ya ocupa ese rinc\u00f3n del mapa afectivo de Avellaneda.<\/p>\n\n\n\n<figure class=\"wp-block-image size-full\"><img loading=\"lazy\" decoding=\"async\" width=\"1021\" height=\"694\" src=\"https:\/\/enlamira.info\/wp-content\/uploads\/2026\/04\/rio6-1.jpg\" alt=\"\" class=\"wp-image-22103\" srcset=\"https:\/\/enlamira.info\/wp-content\/uploads\/2026\/04\/rio6-1.jpg 1021w, https:\/\/enlamira.info\/wp-content\/uploads\/2026\/04\/rio6-1-300x204.jpg 300w, https:\/\/enlamira.info\/wp-content\/uploads\/2026\/04\/rio6-1-768x522.jpg 768w\" sizes=\"(max-width: 1021px) 100vw, 1021px\" \/><\/figure>\n","protected":false},"excerpt":{"rendered":"<p>Roca y Su\u00e1rez. Una ma\u00f1ana apacible en Avellaneda y, en la vereda, se siente ese bullicio amable de siempre: vecinos que se saludan, la encargada de la peluquer\u00eda pasando a saludar, un grupo de trabajadores que festeja un cumplea\u00f1os con medialunas y caf\u00e9 humeante. En el coraz\u00f3n de ese paisaje est\u00e1 el Caf\u00e9 del R\u00edo, [&hellip;]<\/p>\n","protected":false},"author":1,"featured_media":22104,"comment_status":"open","ping_status":"open","sticky":false,"template":"","format":"standard","meta":{"footnotes":""},"categories":[1,34],"tags":[2257],"_links":{"self":[{"href":"https:\/\/enlamira.info\/index.php\/wp-json\/wp\/v2\/posts\/22091"}],"collection":[{"href":"https:\/\/enlamira.info\/index.php\/wp-json\/wp\/v2\/posts"}],"about":[{"href":"https:\/\/enlamira.info\/index.php\/wp-json\/wp\/v2\/types\/post"}],"author":[{"embeddable":true,"href":"https:\/\/enlamira.info\/index.php\/wp-json\/wp\/v2\/users\/1"}],"replies":[{"embeddable":true,"href":"https:\/\/enlamira.info\/index.php\/wp-json\/wp\/v2\/comments?post=22091"}],"version-history":[{"count":1,"href":"https:\/\/enlamira.info\/index.php\/wp-json\/wp\/v2\/posts\/22091\/revisions"}],"predecessor-version":[{"id":22107,"href":"https:\/\/enlamira.info\/index.php\/wp-json\/wp\/v2\/posts\/22091\/revisions\/22107"}],"wp:featuredmedia":[{"embeddable":true,"href":"https:\/\/enlamira.info\/index.php\/wp-json\/wp\/v2\/media\/22104"}],"wp:attachment":[{"href":"https:\/\/enlamira.info\/index.php\/wp-json\/wp\/v2\/media?parent=22091"}],"wp:term":[{"taxonomy":"category","embeddable":true,"href":"https:\/\/enlamira.info\/index.php\/wp-json\/wp\/v2\/categories?post=22091"},{"taxonomy":"post_tag","embeddable":true,"href":"https:\/\/enlamira.info\/index.php\/wp-json\/wp\/v2\/tags?post=22091"}],"curies":[{"name":"wp","href":"https:\/\/api.w.org\/{rel}","templated":true}]}}