{"id":22084,"date":"2026-04-26T00:01:00","date_gmt":"2026-04-26T03:01:00","guid":{"rendered":"https:\/\/enlamira.info\/?p=22084"},"modified":"2026-04-25T23:53:47","modified_gmt":"2026-04-26T02:53:47","slug":"kicillof-en-espana-hay-otro-camino-que-no-es-el-de-la-guerra-la-crueldad-y-el-abandono","status":"publish","type":"post","link":"https:\/\/enlamira.info\/index.php\/2026\/04\/26\/kicillof-en-espana-hay-otro-camino-que-no-es-el-de-la-guerra-la-crueldad-y-el-abandono\/","title":{"rendered":"Kicillof en Espa\u00f1a: \u201cHay otro camino que no es el de la guerra, la crueldad y el abandono\u201d"},"content":{"rendered":"\n<p>En el marco de su viaje oficial a Espa\u00f1a, el gobernador de la provincia de Buenos Aires, Axel Kicillof, particip\u00f3 este s\u00e1bado en Barcelona del panel \u201cRespuesta progresista local: la primera l\u00ednea de la democracia\u201d, desarrollado en la \u00faltima jornada de la Movilizaci\u00f3n Global Progresista. Adem\u00e1s, mantuvo encuentros bilaterales con el presidente de Brasil, Luiz In\u00e1cio Lula da Silva, y otros l\u00edderes internacionales para fortalecer la cooperaci\u00f3n conjunta.<\/p>\n\n\n\n<p>All\u00ed, Kicillof subray\u00f3: \u201cDesde que uno de los l\u00edderes m\u00e1s extremos de la ultraderecha, como Javier Milei, gobierna la Argentina, se intent\u00f3 instalar que sus pol\u00edticas han generado estabilidad econ\u00f3mica, inversiones e inserci\u00f3n internacional, pero la realidad demuestra todo lo contrario\u201d. \u201cLas pol\u00edticas de Milei no est\u00e1n funcionando: son un fracaso y est\u00e1n destruyendo nuestro aparato productivo, los salarios, la educaci\u00f3n y la salud\u201d, agreg\u00f3.<\/p>\n\n\n\n<p>\u201cQuienes tenemos responsabilidades a nivel local no podemos escaparnos ni hacernos los distra\u00eddos: debemos darle respuesta a nuestra gente con inversi\u00f3n p\u00fablica y pol\u00edticas que traigan bienestar\u201d, sostuvo el Gobernador y a\u00f1adi\u00f3: \u201cTenemos que hacerlo tambi\u00e9n brindando certezas y perspectivas de futuro: a nuestros pueblos debemos mostrarles que hay otro camino que no es el de la guerra, la crueldad y el abandono\u201d.<\/p>\n\n\n\n<p>En ese sentido, Kicillof se\u00f1al\u00f3: \u201cDesde la provincia de Buenos Aires, y en representaci\u00f3n del pueblo de la Argentina, decimos que estamos en contra de las matanzas y de la persecuci\u00f3n, y a favor de la justicia social. Milei no representa lo que sienten y lo que piensan los bonaerenses y los argentinos\u201d.<\/p>\n\n\n\n<p>\u201cLa respuesta a los problemas de nuestro pueblo no es solo local: es esencial que le expliquemos a todo el planeta que no es por el camino que est\u00e1 tomando la ultraderecha internacional como se van a alcanzar soluciones reales\u201d, sostuvo el Gobernador y concluy\u00f3: \u201cAnte esta ideolog\u00eda, la respuesta tiene que ser tambi\u00e9n internacional y aqu\u00ed la estamos construyendo\u201d.<\/p>\n\n\n\n<p>Participaron tambi\u00e9n del panel los alcaldes de Barcelona, Jaume Collboni; de Roma, Roberto Gualtieri; de Mu\u011fla (Turqu\u00eda), Ahmet Aras; la presidenta del Comit\u00e9 Europeo de las Regiones, Kata T\u00fctt\u0151; la concejala de la ciudad de Toronto Alejandra Bravo; y la jefa de la oficina de Asuntos Internacionales de la ciudad de Nueva York, Ana Mar\u00eda Archila. El mismo fue moderado por Mar Jim\u00e9nez, comisionada de Asuntos Europeos del Ayuntamiento de Barcelona.<\/p>\n\n\n\n<p>M\u00e1s temprano, Kicillof particip\u00f3 tambi\u00e9n del panel \u201cSoluciones progresistas para un mundo que se hunde en el caos\u201d, organizado por la reuni\u00f3n ampliada de la Mesa del Grupo S&amp;D, principal espacio pol\u00edtico de centroizquierda del Parlamento Europeo.<\/p>\n\n\n\n<p>La Movilizaci\u00f3n Global Progresista tuvo como objetivo generar un espacio de intercambio y cooperaci\u00f3n entre l\u00edderes de distintas regiones para abordar los desaf\u00edos actuales con eje en la defensa de los valores democr\u00e1ticos y la igualdad.<\/p>\n","protected":false},"excerpt":{"rendered":"<p>En el marco de su viaje oficial a Espa\u00f1a, el gobernador de la provincia de Buenos Aires, Axel Kicillof, particip\u00f3 este s\u00e1bado en Barcelona del panel \u201cRespuesta progresista local: la primera l\u00ednea de la democracia\u201d, desarrollado en la \u00faltima jornada de la Movilizaci\u00f3n Global Progresista. Adem\u00e1s, mantuvo encuentros bilaterales con el presidente de Brasil, Luiz [&hellip;]<\/p>\n","protected":false},"author":4,"featured_media":22086,"comment_status":"open","ping_status":"open","sticky":false,"template":"","format":"standard","meta":{"footnotes":""},"categories":[4],"tags":[1055],"_links":{"self":[{"href":"https:\/\/enlamira.info\/index.php\/wp-json\/wp\/v2\/posts\/22084"}],"collection":[{"href":"https:\/\/enlamira.info\/index.php\/wp-json\/wp\/v2\/posts"}],"about":[{"href":"https:\/\/enlamira.info\/index.php\/wp-json\/wp\/v2\/types\/post"}],"author":[{"embeddable":true,"href":"https:\/\/enlamira.info\/index.php\/wp-json\/wp\/v2\/users\/4"}],"replies":[{"embeddable":true,"href":"https:\/\/enlamira.info\/index.php\/wp-json\/wp\/v2\/comments?post=22084"}],"version-history":[{"count":1,"href":"https:\/\/enlamira.info\/index.php\/wp-json\/wp\/v2\/posts\/22084\/revisions"}],"predecessor-version":[{"id":22085,"href":"https:\/\/enlamira.info\/index.php\/wp-json\/wp\/v2\/posts\/22084\/revisions\/22085"}],"wp:featuredmedia":[{"embeddable":true,"href":"https:\/\/enlamira.info\/index.php\/wp-json\/wp\/v2\/media\/22086"}],"wp:attachment":[{"href":"https:\/\/enlamira.info\/index.php\/wp-json\/wp\/v2\/media?parent=22084"}],"wp:term":[{"taxonomy":"category","embeddable":true,"href":"https:\/\/enlamira.info\/index.php\/wp-json\/wp\/v2\/categories?post=22084"},{"taxonomy":"post_tag","embeddable":true,"href":"https:\/\/enlamira.info\/index.php\/wp-json\/wp\/v2\/tags?post=22084"}],"curies":[{"name":"wp","href":"https:\/\/api.w.org\/{rel}","templated":true}]}}