{"id":2197,"date":"2024-03-28T15:12:28","date_gmt":"2024-03-28T18:12:28","guid":{"rendered":"https:\/\/enlamira.info\/?p=2197"},"modified":"2024-03-28T15:27:27","modified_gmt":"2024-03-28T18:27:27","slug":"el-gobierno-busca-mediar-con-colombia-y-pide-que-las-diferencias-no-afecten-la-relacion","status":"publish","type":"post","link":"https:\/\/enlamira.info\/index.php\/2024\/03\/28\/el-gobierno-busca-mediar-con-colombia-y-pide-que-las-diferencias-no-afecten-la-relacion\/","title":{"rendered":"El Gobierno busca mediar con Colombia y pide \u201cque las diferencias no afecten la relaci\u00f3n\u201d"},"content":{"rendered":"\n<p>Luego de que el mandatario argentino calificara al Presidente de Colombia como un \u201casesino terrorista\u201d y en reacci\u00f3n a su comentario, el jefe de Estado colombiano retirara a su embajador en la Argentina, el vocero presidencial intenta bajar el precio al incidente entre las partes y evitar la ruptura de v\u00ednculos con el tambi\u00e9n Estado latinoamericano.<\/p>\n\n\n\n<p>La tensi\u00f3n entre Colombia y\u00a0Argentina\u00a0crece minuto a minuto, luego de que el presidente colombiano,\u00a0Gustavo Petro, decidiera\u00a0retirar a su embajador en Argentina y expulsar al diplom\u00e1tico argentino en Colombia.\u00a0Esta medida responde directamente a los comentarios realizados por el presidente argentino,\u00a0Javier Milei, quien calific\u00f3 al premier colombiano de\u00a0\u201casesino terrorista\u201d\u00a0durante una entrevista.<\/p>\n\n\n\n<p>\u201cMucho no se puede esperar de alguien que era un asesino terrorista\u201d, hab\u00eda declarado\u00a0Milei\u00a0en di\u00e1logo con el periodista\u00a0Andr\u00e9s Oppenheimer, en una entrevista que se transmitir\u00e1 en su totalidad por\u00a0<em>CNN,<\/em>\u00a0el pr\u00f3ximo domingo.<\/p>\n\n\n\n<p>La determinaci\u00f3n del\u00a0Gobierno colombiano\u00a0ven\u00eda \u201ccocin\u00e1ndose\u201d luego de conocerse los duros comentarios hechos por el presidente del pa\u00eds del sur en contra de Petro, en un nuevo cap\u00edtulo del cruce que protagonizan ambos pa\u00edses desde hace cinco meses.<\/p>\n\n\n\n<p>\u201cEl Gobierno de la Rep\u00fablica de Colombia presenta su m\u00e1s enf\u00e1tico rechazo ante las nuevas declaraciones del se\u00f1or Javier Milei, presidente de Argentina, en contra del presidente Gustavo Petro, en el marco de una entrevista con el medio CNN en Espa\u00f1ol, el pasado 26 de marzo\u201d, comienza del comunicado del Ministerio de Relaciones Exteriores.<\/p>\n\n\n\n<p>De acuerdo con la Canciller\u00eda, estas declaraciones \u201csin fundamento, que se han presentado de manera reiterativa\u201d, afectan de manera significativa las relaciones hist\u00f3ricas de amistad entre las dos naciones. Al mismo tiempo que \u201cdeterioran las posibilidades de entendimiento y cooperaci\u00f3n para el progreso de ambos pueblos\u201d, en lo que podr\u00eda considerarse una nueva y fuerte crisis en las relaciones diplom\u00e1ticas.<\/p>\n\n\n\n<p>Y contin\u00faa:\u00a0\u201cEl Presidente Milei desconoce e ignora, adem\u00e1s, los efectos que sus pasadas declaraciones causaron sobre la relaci\u00f3n bilateral, con lo cual demuestra una falta absoluta de inter\u00e9s en mantener una relaci\u00f3n respetuosa y productiva entre ambos pa\u00edses.\u00a0Las palabras del Presidente Milei representan, de nuevo, una ofensa para la dignidad del Presidente y del pueblo de Colombia que lo eligi\u00f3 de manera leg\u00edtima y democr\u00e1tica\u201d.<\/p>\n\n\n\n<h3 class=\"wp-block-heading\">Declaraciones amables y un primer intento de bajar el tono<\/h3>\n\n\n\n<p>Este mi\u00e9rcoles, el vocero presidencial,\u00a0Manuel Adorni, se refiri\u00f3 al conflicto iniciado por el mandatario local: \u201cApelamos a que las diferencias entre Javier Milei y Gustavo Petro no afecten las relaciones\u201d, expres\u00f3 el funcionario, luego de la expulsi\u00f3n en ese pa\u00eds de diplom\u00e1ticos de la Argentina.<\/p>\n\n\n\n<p>\u201cLa posici\u00f3n de Milei siempre fue la misma, siempre se refiri\u00f3 al pasado de Petro, confirm\u00f3 lo que dijo varias veces sobre \u00e9l\u201d, y busc\u00f3 bajar la tensi\u00f3n al conflicto: \u201cSiempre apelamos a que las diferencias, de una distancia abismal entre la ideolog\u00eda de Petro y la de Milei, no afecten la relaci\u00f3n entre los pueblos\u201d.<\/p>\n","protected":false},"excerpt":{"rendered":"<p>Luego de que el mandatario argentino calificara al Presidente de Colombia como un \u201casesino terrorista\u201d y en reacci\u00f3n a su comentario, el jefe de Estado colombiano retirara a su embajador en la Argentina, el vocero presidencial intenta bajar el precio al incidente entre las partes y evitar la ruptura de v\u00ednculos con el tambi\u00e9n Estado [&hellip;]<\/p>\n","protected":false},"author":2,"featured_media":2199,"comment_status":"open","ping_status":"open","sticky":false,"template":"","format":"standard","meta":{"footnotes":""},"categories":[20],"tags":[],"_links":{"self":[{"href":"https:\/\/enlamira.info\/index.php\/wp-json\/wp\/v2\/posts\/2197"}],"collection":[{"href":"https:\/\/enlamira.info\/index.php\/wp-json\/wp\/v2\/posts"}],"about":[{"href":"https:\/\/enlamira.info\/index.php\/wp-json\/wp\/v2\/types\/post"}],"author":[{"embeddable":true,"href":"https:\/\/enlamira.info\/index.php\/wp-json\/wp\/v2\/users\/2"}],"replies":[{"embeddable":true,"href":"https:\/\/enlamira.info\/index.php\/wp-json\/wp\/v2\/comments?post=2197"}],"version-history":[{"count":2,"href":"https:\/\/enlamira.info\/index.php\/wp-json\/wp\/v2\/posts\/2197\/revisions"}],"predecessor-version":[{"id":2201,"href":"https:\/\/enlamira.info\/index.php\/wp-json\/wp\/v2\/posts\/2197\/revisions\/2201"}],"wp:featuredmedia":[{"embeddable":true,"href":"https:\/\/enlamira.info\/index.php\/wp-json\/wp\/v2\/media\/2199"}],"wp:attachment":[{"href":"https:\/\/enlamira.info\/index.php\/wp-json\/wp\/v2\/media?parent=2197"}],"wp:term":[{"taxonomy":"category","embeddable":true,"href":"https:\/\/enlamira.info\/index.php\/wp-json\/wp\/v2\/categories?post=2197"},{"taxonomy":"post_tag","embeddable":true,"href":"https:\/\/enlamira.info\/index.php\/wp-json\/wp\/v2\/tags?post=2197"}],"curies":[{"name":"wp","href":"https:\/\/api.w.org\/{rel}","templated":true}]}}