{"id":2183,"date":"2024-03-28T15:07:29","date_gmt":"2024-03-28T18:07:29","guid":{"rendered":"https:\/\/enlamira.info\/?p=2183"},"modified":"2024-03-28T15:30:29","modified_gmt":"2024-03-28T18:30:29","slug":"tras-detectar-irregularidades-capital-humano-confirmo-la-baja-de-mas-de-3600-contratos","status":"publish","type":"post","link":"https:\/\/enlamira.info\/index.php\/2024\/03\/28\/tras-detectar-irregularidades-capital-humano-confirmo-la-baja-de-mas-de-3600-contratos\/","title":{"rendered":"Tras detectar irregularidades, Capital Humano confirm\u00f3 la baja de m\u00e1s de 3600 contratos"},"content":{"rendered":"\n<p>La Secretar\u00eda de Ni\u00f1ez, Adolescencia y Familia es el \u00e1rea m\u00e1s afectada por el recorte, le siguen la Anses y la cartera de Trabajo.<\/p>\n\n\n\n<p>Este mi\u00e9rcoles, el Gobierno de\u00a0Javier\u00a0Milei\u00a0anunci\u00f3 que dar\u00eda de baja a m\u00e1s de\u00a011 mil cooperativas\u00a0tras detectar\u00a0m\u00faltiples irregularidades.\u00a0Fue el vocero presidencial,\u00a0Manuel Adorni\u00a0quien asegur\u00f3 que el recorte alcanzar\u00e1 a organizaciones creadas entre 2020 y 2022 en las que se encontraron anomal\u00edas como falta de presentaciones de balances y domicilios en com\u00fan.<\/p>\n\n\n\n<p>Tras el anuncio del portavoz, en el que confirm\u00f3\u00a0la\u00a0baja\u00a0de 15.000 contratos del Estado\u00a0que vencen a fin de mes, el Ministerio de Capital Humano avanz\u00f3 con la cesant\u00eda de m\u00e1s de 3600 empleados, notificados en las \u00faltimas horas v\u00eda mail.<\/p>\n\n\n\n<p>En esa l\u00ednea, un 24% del recorte anunciado por el Gobierno fue llevado adelante por el\u00a0megaministerio. Se trata de\u00a03611 cesanteados, sobre los 15.000 contratos no renovados en el \u00e1mbito estatal, con exclusi\u00f3n del PAMI o empresas p\u00fablicas.<\/p>\n\n\n\n<p>\u201cSon temas sensibles, hay lugares de trabajo e ingresos detr\u00e1s, pero el trabajo de auditor\u00eda es muy quir\u00fargico. Los tiempos son m\u00e1s lentos de lo que uno quisiera. Todav\u00eda hablamos de un n\u00famero no consolidado\u201d, aclar\u00f3\u00a0Adorni\u00a0respecto a la cifra exacta de contratos no renovados que, seg\u00fan indicaron fuentes oficiales, se dar\u00e1 a conocer en detalle despu\u00e9s de las liquidaciones de abril.<\/p>\n\n\n\n<p>\u201cCada \u00e1rea decidi\u00f3 cu\u00e1les contratos renovar y cu\u00e1les no. Cada ministerio y secretar\u00eda se encarg\u00f3 de transmitir las no renovaciones a las personas desvinculadas y lo hizo de la manera que consider\u00f3 m\u00e1s adecuada\u201d, se\u00f1alaron fuentes cercanas al destacar que no hubo una \u201cbajada oficial\u201d de c\u00f3mo implementar o notificar el recorte.<\/p>\n\n\n\n<p>Seg\u00fan informaron fuentes cercanas a la ministra, el mayor recorte se dio en la Secretar\u00eda de Ni\u00f1ez, Adolescencia y Familia, a cargo de Pablo de la Torre, con una baja del 17% de los puestos que ocupaba el personal contratado, lo que recay\u00f3 sobre 1656 empleados.<\/p>\n\n\n\n<p>Otra de las \u00e1reas m\u00e1s impactadas fue la de Trabajo, previamente afectada por la intempestiva salida de\u00a0Omar Yasin\u00a0a mediados de mes y la posterior llegada de\u00a0Julio Cordero\u00a0como secretario de Trabajo, Empleo y Seguridad Social. En este caso, la reducci\u00f3n fue del 13% de los contratos puestos en revisi\u00f3n, que se tradujo en 517 empleados desvinculados de sus tareas.<\/p>\n\n\n\n<p>\u201cTrabajo es una cartera muy politizada, pero eso no hace a la gesti\u00f3n t\u00e9cnica, en lo personal encontr\u00e9 una planta profesional muy buena\u201d, precis\u00f3 una fuente con gran conocimiento del ministerio. \u201cQue hay militancia la hay, no lo voy a negar, pero no es para dar de baja m\u00e1s de 500 contratos\u201d, insistieron.<\/p>\n\n\n\n<p>Se trata de 48 agencias territoriales en las que aproximadamente trabajan 1600 empleados y en las que funcionan, oficinas de empleo, de relaciones sindicales y atenci\u00f3n al p\u00fablico, entre otros<\/p>\n","protected":false},"excerpt":{"rendered":"<p>La Secretar\u00eda de Ni\u00f1ez, Adolescencia y Familia es el \u00e1rea m\u00e1s afectada por el recorte, le siguen la Anses y la cartera de Trabajo. Este mi\u00e9rcoles, el Gobierno de\u00a0Javier\u00a0Milei\u00a0anunci\u00f3 que dar\u00eda de baja a m\u00e1s de\u00a011 mil cooperativas\u00a0tras detectar\u00a0m\u00faltiples irregularidades.\u00a0Fue el vocero presidencial,\u00a0Manuel Adorni\u00a0quien asegur\u00f3 que el recorte alcanzar\u00e1 a organizaciones creadas entre 2020 y [&hellip;]<\/p>\n","protected":false},"author":2,"featured_media":2186,"comment_status":"open","ping_status":"open","sticky":false,"template":"","format":"standard","meta":{"footnotes":""},"categories":[20],"tags":[],"_links":{"self":[{"href":"https:\/\/enlamira.info\/index.php\/wp-json\/wp\/v2\/posts\/2183"}],"collection":[{"href":"https:\/\/enlamira.info\/index.php\/wp-json\/wp\/v2\/posts"}],"about":[{"href":"https:\/\/enlamira.info\/index.php\/wp-json\/wp\/v2\/types\/post"}],"author":[{"embeddable":true,"href":"https:\/\/enlamira.info\/index.php\/wp-json\/wp\/v2\/users\/2"}],"replies":[{"embeddable":true,"href":"https:\/\/enlamira.info\/index.php\/wp-json\/wp\/v2\/comments?post=2183"}],"version-history":[{"count":2,"href":"https:\/\/enlamira.info\/index.php\/wp-json\/wp\/v2\/posts\/2183\/revisions"}],"predecessor-version":[{"id":2187,"href":"https:\/\/enlamira.info\/index.php\/wp-json\/wp\/v2\/posts\/2183\/revisions\/2187"}],"wp:featuredmedia":[{"embeddable":true,"href":"https:\/\/enlamira.info\/index.php\/wp-json\/wp\/v2\/media\/2186"}],"wp:attachment":[{"href":"https:\/\/enlamira.info\/index.php\/wp-json\/wp\/v2\/media?parent=2183"}],"wp:term":[{"taxonomy":"category","embeddable":true,"href":"https:\/\/enlamira.info\/index.php\/wp-json\/wp\/v2\/categories?post=2183"},{"taxonomy":"post_tag","embeddable":true,"href":"https:\/\/enlamira.info\/index.php\/wp-json\/wp\/v2\/tags?post=2183"}],"curies":[{"name":"wp","href":"https:\/\/api.w.org\/{rel}","templated":true}]}}