{"id":2179,"date":"2024-03-28T15:06:32","date_gmt":"2024-03-28T18:06:32","guid":{"rendered":"https:\/\/enlamira.info\/?p=2179"},"modified":"2024-03-28T15:31:33","modified_gmt":"2024-03-28T18:31:33","slug":"suspendieron-el-juicio-por-abuso-sexual-del-ex-boca-sebastian-villa","status":"publish","type":"post","link":"https:\/\/enlamira.info\/index.php\/2024\/03\/28\/suspendieron-el-juicio-por-abuso-sexual-del-ex-boca-sebastian-villa\/","title":{"rendered":"Suspendieron el juicio por abuso sexual del ex Boca, Sebasti\u00e1n Villa"},"content":{"rendered":"\n<p>El mismo deb\u00eda iniciar el 1 de abril. El colombiano se encuentra actualmente en Bulgaria.<\/p>\n\n\n\n<p>La Justicia suspendi\u00f3 moment\u00e1neamente el segundo juicio que debe afrontar el ex futbolista de Boca Juniors, Sebasti\u00e1n Villa, involucrado en una causa por abuso sexual.\u00a0<\/p>\n\n\n\n<p>La denuncia la inici\u00f3 una joven de 27 a\u00f1os por hechos ocurridos en el 2021. Villa (26) est\u00e1 acusado por el delito de\u00a0\u201cabuso sexual con acceso carnal\u201d\u00a0en perjuicio de\u00a0Roc\u00edo Tamara Doldan.<\/p>\n\n\n\n<p>La modificaci\u00f3n en la fecha de inicio se debe&nbsp;un&nbsp;planteo de recusaci\u00f3n&nbsp;efectuado por ambas partes: la defensa t\u00e9cnica del acusado y los representantes de la denunciante. As\u00ed lo confirm\u00f3 a&nbsp;TN&nbsp;Claudia Randich, auxiliar letrada del&nbsp;Tribunal Oral en lo Criminal N\u00b04 de Lomas de Zamora.<\/p>\n\n\n\n<p>El juicio ten\u00eda fecha para comenzar el 1 de abril, pero se deber\u00e1 buscar una nueva fecha una vez que el&nbsp;Tribunal Superior resuelva los requerimientos emitidos por las partes.<\/p>\n\n\n\n<p>Villa se encuentra\u00a0residiendo en Bulgaria\u00a0como jugador del Beroa,\u00a0pero deber\u00e1 estar presente en el proceso para que no se pida su\u00a0captura internacional.<\/p>\n\n\n\n<h3 class=\"wp-block-heading\">Primer juicio y condena<\/h3>\n\n\n\n<p>El futbolista colombiano fue\u00a0condenado en\u00a0junio del a\u00f1o pasado a dos a\u00f1os y un mes\u00a0de prisi\u00f3n por violencia de g\u00e9nero contra su\u00a0ex pareja,\u00a0Daniela Cort\u00e9s.\u00a0Si bien esta pena es\u00a0excarcelable, la nueva condena prev\u00e9 hasta 15 a\u00f1os de prisi\u00f3n y Villa s\u00ed ir\u00eda a la c\u00e1rcel.<\/p>\n","protected":false},"excerpt":{"rendered":"<p>El mismo deb\u00eda iniciar el 1 de abril. El colombiano se encuentra actualmente en Bulgaria. La Justicia suspendi\u00f3 moment\u00e1neamente el segundo juicio que debe afrontar el ex futbolista de Boca Juniors, Sebasti\u00e1n Villa, involucrado en una causa por abuso sexual.\u00a0 La denuncia la inici\u00f3 una joven de 27 a\u00f1os por hechos ocurridos en el 2021. [&hellip;]<\/p>\n","protected":false},"author":2,"featured_media":2182,"comment_status":"open","ping_status":"open","sticky":false,"template":"","format":"standard","meta":{"footnotes":""},"categories":[14],"tags":[],"_links":{"self":[{"href":"https:\/\/enlamira.info\/index.php\/wp-json\/wp\/v2\/posts\/2179"}],"collection":[{"href":"https:\/\/enlamira.info\/index.php\/wp-json\/wp\/v2\/posts"}],"about":[{"href":"https:\/\/enlamira.info\/index.php\/wp-json\/wp\/v2\/types\/post"}],"author":[{"embeddable":true,"href":"https:\/\/enlamira.info\/index.php\/wp-json\/wp\/v2\/users\/2"}],"replies":[{"embeddable":true,"href":"https:\/\/enlamira.info\/index.php\/wp-json\/wp\/v2\/comments?post=2179"}],"version-history":[{"count":1,"href":"https:\/\/enlamira.info\/index.php\/wp-json\/wp\/v2\/posts\/2179\/revisions"}],"predecessor-version":[{"id":2180,"href":"https:\/\/enlamira.info\/index.php\/wp-json\/wp\/v2\/posts\/2179\/revisions\/2180"}],"wp:featuredmedia":[{"embeddable":true,"href":"https:\/\/enlamira.info\/index.php\/wp-json\/wp\/v2\/media\/2182"}],"wp:attachment":[{"href":"https:\/\/enlamira.info\/index.php\/wp-json\/wp\/v2\/media?parent=2179"}],"wp:term":[{"taxonomy":"category","embeddable":true,"href":"https:\/\/enlamira.info\/index.php\/wp-json\/wp\/v2\/categories?post=2179"},{"taxonomy":"post_tag","embeddable":true,"href":"https:\/\/enlamira.info\/index.php\/wp-json\/wp\/v2\/tags?post=2179"}],"curies":[{"name":"wp","href":"https:\/\/api.w.org\/{rel}","templated":true}]}}