{"id":2174,"date":"2024-03-28T15:05:17","date_gmt":"2024-03-28T18:05:17","guid":{"rendered":"https:\/\/enlamira.info\/?p=2174"},"modified":"2024-03-28T15:32:36","modified_gmt":"2024-03-28T18:32:36","slug":"valentini-rompio-el-silencio-sobre-su-renovacion-con-boca","status":"publish","type":"post","link":"https:\/\/enlamira.info\/index.php\/2024\/03\/28\/valentini-rompio-el-silencio-sobre-su-renovacion-con-boca\/","title":{"rendered":"Valentini rompi\u00f3 el silencio sobre su renovaci\u00f3n con Boca"},"content":{"rendered":"\n<p>El defensor del Xeneize regres\u00f3 de Estados Unidos y dio detalles sobre si extender\u00e1 su vinculo con el club azul y oro<\/p>\n\n\n\n<p>Nicolas Valentini\u00a0regres\u00f3 al pa\u00eds tras su convocatoria con la\u00a0Selecci\u00f3n Argentina\u00a0de\u00a0Lionel Scaloni, aunque no logr\u00f3 sumar minutos en los partidos amistosos frente a\u00a0El Salvador y Costa Rica.\u00a0Este mismo jueves se reincorporar\u00e1 a los entrenamientos de Boca, de cara al partido del s\u00e1bado ante\u00a0San Lorenzo por la Copa de la Liga\u00a0y el debut en la\u00a0Copa Sudamericana el pr\u00f3ximo mi\u00e9rcoles ante Nacional de Potos\u00ed.<\/p>\n\n\n\n<p>En el aeropuerto,\u00a0el jugador fue consultado sobre si extender\u00e1 su vinculo con el Xeneize m\u00e1s all\u00e1 de la finalizaci\u00f3n del mismo, y esta vez, a diferencia de las anteriores, dio una respuesta concisa:\u00a0\u201cEstamos hablando. Esperemos que se pueda dar todo\u201d.<\/p>\n\n\n\n<p>Cabe destacar que\u00a0la clausula del jugador aument\u00f3 antes de su viaje al Preol\u00edmpico que disput\u00f3 en Venezuela\u00a0debido al inter\u00e9s de los equipos europeos.\u00a0La misma pas\u00f3 de ser de 10 a 14 millones de d\u00f3lares.<\/p>\n\n\n\n<p>Seg\u00fan inform\u00f3\u00a0Tato Aguilera,\u00a0 entre los interesados por sumar al jugador a sus filas se encuentran la\u00a0Lazio de Italia y el Olympiacos de Grecia.\u00a0De igual manera, de momento ning\u00fan equipo realiz\u00f3 movimientos por el jugador.<\/p>\n","protected":false},"excerpt":{"rendered":"<p>El defensor del Xeneize regres\u00f3 de Estados Unidos y dio detalles sobre si extender\u00e1 su vinculo con el club azul y oro Nicolas Valentini\u00a0regres\u00f3 al pa\u00eds tras su convocatoria con la\u00a0Selecci\u00f3n Argentina\u00a0de\u00a0Lionel Scaloni, aunque no logr\u00f3 sumar minutos en los partidos amistosos frente a\u00a0El Salvador y Costa Rica.\u00a0Este mismo jueves se reincorporar\u00e1 a los entrenamientos [&hellip;]<\/p>\n","protected":false},"author":2,"featured_media":2176,"comment_status":"open","ping_status":"open","sticky":false,"template":"","format":"standard","meta":{"footnotes":""},"categories":[14],"tags":[],"_links":{"self":[{"href":"https:\/\/enlamira.info\/index.php\/wp-json\/wp\/v2\/posts\/2174"}],"collection":[{"href":"https:\/\/enlamira.info\/index.php\/wp-json\/wp\/v2\/posts"}],"about":[{"href":"https:\/\/enlamira.info\/index.php\/wp-json\/wp\/v2\/types\/post"}],"author":[{"embeddable":true,"href":"https:\/\/enlamira.info\/index.php\/wp-json\/wp\/v2\/users\/2"}],"replies":[{"embeddable":true,"href":"https:\/\/enlamira.info\/index.php\/wp-json\/wp\/v2\/comments?post=2174"}],"version-history":[{"count":2,"href":"https:\/\/enlamira.info\/index.php\/wp-json\/wp\/v2\/posts\/2174\/revisions"}],"predecessor-version":[{"id":2178,"href":"https:\/\/enlamira.info\/index.php\/wp-json\/wp\/v2\/posts\/2174\/revisions\/2178"}],"wp:featuredmedia":[{"embeddable":true,"href":"https:\/\/enlamira.info\/index.php\/wp-json\/wp\/v2\/media\/2176"}],"wp:attachment":[{"href":"https:\/\/enlamira.info\/index.php\/wp-json\/wp\/v2\/media?parent=2174"}],"wp:term":[{"taxonomy":"category","embeddable":true,"href":"https:\/\/enlamira.info\/index.php\/wp-json\/wp\/v2\/categories?post=2174"},{"taxonomy":"post_tag","embeddable":true,"href":"https:\/\/enlamira.info\/index.php\/wp-json\/wp\/v2\/tags?post=2174"}],"curies":[{"name":"wp","href":"https:\/\/api.w.org\/{rel}","templated":true}]}}