{"id":2170,"date":"2024-03-28T15:04:16","date_gmt":"2024-03-28T18:04:16","guid":{"rendered":"https:\/\/enlamira.info\/?p=2170"},"modified":"2024-03-28T15:33:32","modified_gmt":"2024-03-28T18:33:32","slug":"marcelo-weigandt-fue-presentado-de-manera-oficial-en-el-inter-miami","status":"publish","type":"post","link":"https:\/\/enlamira.info\/index.php\/2024\/03\/28\/marcelo-weigandt-fue-presentado-de-manera-oficial-en-el-inter-miami\/","title":{"rendered":"Marcelo Weigandt fue presentado de manera oficial en el Inter Miami"},"content":{"rendered":"\n<p>Las Garzas se movieron r\u00e1pido y lograron atar al lateral derecho en calidad de cedido para el resto de esta temporada<\/p>\n\n\n\n<p>El Inter Miami lleg\u00f3 con el tiempo justo al final del mercado de pases, donde solo les quedaba reforzar un puesto clave en la defensa para el resto de la temporada:\u00a0el lateral derecho.\u00a0<\/p>\n\n\n\n<p>Nuevamente, el equipo estadounidense decidi\u00f3 navegar por el f\u00fatbol argentino con el objetivo de conseguir un jugador de un precio considerablemente bajo pero que cumpla con los requisitos necesarios para la\u00a0MLS.\u00a0El elegido fue nada m\u00e1s y nada menos que\u00a0Marcelo Weigandt, quien finalmente fue presentado el d\u00eda de hoy por el conjunto estadounidense.<\/p>\n\n\n\n<p>El lateral llega tras un paso con gusto a poco en Boca, donde qued\u00f3 relegado por detr\u00e1s de\u00a0Lu\u00eds Adv\u00edncula, figura del Xeneize, y\u00a0Lucas Blondel, quien lleg\u00f3 en el mercado anterior y dej\u00f3 destellos de calidad en sus \u00faltimos partidos.<\/p>\n\n\n\n<p>\u201cBienvenido, Chelo. Hemos contratado al defensor Marcelo Weigandt desde Boca Juniors para la MLS 2024\u201d, public\u00f3 el equipo en sus redes junto a la foto del f\u00fatbolista argentino vestido de rosa, quien se suma al equipo en este mercado al igual que\u00a0Federico Redondo.\u00a0<\/p>\n","protected":false},"excerpt":{"rendered":"<p>Las Garzas se movieron r\u00e1pido y lograron atar al lateral derecho en calidad de cedido para el resto de esta temporada El Inter Miami lleg\u00f3 con el tiempo justo al final del mercado de pases, donde solo les quedaba reforzar un puesto clave en la defensa para el resto de la temporada:\u00a0el lateral derecho.\u00a0 Nuevamente, [&hellip;]<\/p>\n","protected":false},"author":2,"featured_media":2172,"comment_status":"open","ping_status":"open","sticky":false,"template":"","format":"standard","meta":{"footnotes":""},"categories":[14],"tags":[],"_links":{"self":[{"href":"https:\/\/enlamira.info\/index.php\/wp-json\/wp\/v2\/posts\/2170"}],"collection":[{"href":"https:\/\/enlamira.info\/index.php\/wp-json\/wp\/v2\/posts"}],"about":[{"href":"https:\/\/enlamira.info\/index.php\/wp-json\/wp\/v2\/types\/post"}],"author":[{"embeddable":true,"href":"https:\/\/enlamira.info\/index.php\/wp-json\/wp\/v2\/users\/2"}],"replies":[{"embeddable":true,"href":"https:\/\/enlamira.info\/index.php\/wp-json\/wp\/v2\/comments?post=2170"}],"version-history":[{"count":2,"href":"https:\/\/enlamira.info\/index.php\/wp-json\/wp\/v2\/posts\/2170\/revisions"}],"predecessor-version":[{"id":2173,"href":"https:\/\/enlamira.info\/index.php\/wp-json\/wp\/v2\/posts\/2170\/revisions\/2173"}],"wp:featuredmedia":[{"embeddable":true,"href":"https:\/\/enlamira.info\/index.php\/wp-json\/wp\/v2\/media\/2172"}],"wp:attachment":[{"href":"https:\/\/enlamira.info\/index.php\/wp-json\/wp\/v2\/media?parent=2170"}],"wp:term":[{"taxonomy":"category","embeddable":true,"href":"https:\/\/enlamira.info\/index.php\/wp-json\/wp\/v2\/categories?post=2170"},{"taxonomy":"post_tag","embeddable":true,"href":"https:\/\/enlamira.info\/index.php\/wp-json\/wp\/v2\/tags?post=2170"}],"curies":[{"name":"wp","href":"https:\/\/api.w.org\/{rel}","templated":true}]}}