{"id":217,"date":"2024-03-04T17:10:18","date_gmt":"2024-03-04T20:10:18","guid":{"rendered":"https:\/\/enlamira.info\/?p=217"},"modified":"2024-03-04T17:54:59","modified_gmt":"2024-03-04T20:54:59","slug":"alerta-ricardo-bochini-sufrio-un-accidente-automovilistico","status":"publish","type":"post","link":"https:\/\/enlamira.info\/index.php\/2024\/03\/04\/alerta-ricardo-bochini-sufrio-un-accidente-automovilistico\/","title":{"rendered":"Alerta: Ricardo Bochini sufri\u00f3 un accidente automovil\u00edstico"},"content":{"rendered":"\n<p>El \u00eddolo de Independiente impact\u00f3 su auto contra un cami\u00f3n. Desde su entorno aseguraron que no sufri\u00f3 heridas graves y est\u00e1 fuera de peligro.<\/p>\n\n\n\n<p>Ricardo Bochini protagoniz\u00f3 esta tarde un accidente automovil\u00edstico en Ciudad Evita, localidad del partido de La Matanza, Provincia de Buenos Aires, luego de que impactar\u00e1 su auto contra un cami\u00f3n en la Ruta 21.<\/p>\n\n\n\n<p>El veh\u00edculo que conduc\u00eda uno de los m\u00e1ximos \u00eddolos de Independiente era un Toyota Corolla que impact\u00f3 de lleno con la parte trasera de un cami\u00f3n. Aunque el auto qued\u00f3 destrozado, desde el entorno del ex jugador de la Selecci\u00f3n Argentina aseguraron que no sufri\u00f3 heridas graves y que est\u00e1 fuera de peligro.<\/p>\n\n\n\n<p>Si bien el veh\u00edculo de uno de los m\u00e1ximos \u00eddolos del Rojo qued\u00f3 destrozado, Bochini sufri\u00f3 algunas heridas leves y testigos aseguran que luego del impacto logr\u00f3 salir del auto y pararse en la vereda.<\/p>\n\n\n\n<figure class=\"wp-block-embed is-type-rich is-provider-twitter wp-block-embed-twitter\"><div class=\"wp-block-embed__wrapper\">\n<blockquote class=\"twitter-tweet\" data-width=\"550\" data-dnt=\"true\"><p lang=\"es\" dir=\"ltr\">\u00a1POR SUERTE EST\u00c1 BIEN!<br><br>As\u00ed qued\u00f3 el auto de Bochini<a href=\"https:\/\/t.co\/WS0QmuE7sI\">pic.twitter.com\/WS0QmuE7sI<\/a><\/p>&mdash; SoyDelRojo.com \ud83d\udc79 (@SoydelRojoCom) <a href=\"https:\/\/twitter.com\/SoydelRojoCom\/status\/1764711960250057059?ref_src=twsrc%5Etfw\">March 4, 2024<\/a><\/blockquote><script async src=\"https:\/\/platform.twitter.com\/widgets.js\" charset=\"utf-8\"><\/script>\n<\/div><\/figure>\n","protected":false},"excerpt":{"rendered":"<p>El \u00eddolo de Independiente impact\u00f3 su auto contra un cami\u00f3n. Desde su entorno aseguraron que no sufri\u00f3 heridas graves y est\u00e1 fuera de peligro. Ricardo Bochini protagoniz\u00f3 esta tarde un accidente automovil\u00edstico en Ciudad Evita, localidad del partido de La Matanza, Provincia de Buenos Aires, luego de que impactar\u00e1 su auto contra un cami\u00f3n en [&hellip;]<\/p>\n","protected":false},"author":2,"featured_media":219,"comment_status":"open","ping_status":"open","sticky":false,"template":"","format":"standard","meta":{"footnotes":""},"categories":[14],"tags":[],"_links":{"self":[{"href":"https:\/\/enlamira.info\/index.php\/wp-json\/wp\/v2\/posts\/217"}],"collection":[{"href":"https:\/\/enlamira.info\/index.php\/wp-json\/wp\/v2\/posts"}],"about":[{"href":"https:\/\/enlamira.info\/index.php\/wp-json\/wp\/v2\/types\/post"}],"author":[{"embeddable":true,"href":"https:\/\/enlamira.info\/index.php\/wp-json\/wp\/v2\/users\/2"}],"replies":[{"embeddable":true,"href":"https:\/\/enlamira.info\/index.php\/wp-json\/wp\/v2\/comments?post=217"}],"version-history":[{"count":1,"href":"https:\/\/enlamira.info\/index.php\/wp-json\/wp\/v2\/posts\/217\/revisions"}],"predecessor-version":[{"id":218,"href":"https:\/\/enlamira.info\/index.php\/wp-json\/wp\/v2\/posts\/217\/revisions\/218"}],"wp:featuredmedia":[{"embeddable":true,"href":"https:\/\/enlamira.info\/index.php\/wp-json\/wp\/v2\/media\/219"}],"wp:attachment":[{"href":"https:\/\/enlamira.info\/index.php\/wp-json\/wp\/v2\/media?parent=217"}],"wp:term":[{"taxonomy":"category","embeddable":true,"href":"https:\/\/enlamira.info\/index.php\/wp-json\/wp\/v2\/categories?post=217"},{"taxonomy":"post_tag","embeddable":true,"href":"https:\/\/enlamira.info\/index.php\/wp-json\/wp\/v2\/tags?post=217"}],"curies":[{"name":"wp","href":"https:\/\/api.w.org\/{rel}","templated":true}]}}