{"id":2165,"date":"2024-03-28T15:03:28","date_gmt":"2024-03-28T18:03:28","guid":{"rendered":"https:\/\/enlamira.info\/?p=2165"},"modified":"2024-03-28T15:34:32","modified_gmt":"2024-03-28T18:34:32","slug":"battaglia-revelo-que-le-dijo-almendra-antes-de-ser-apartado-de-boca-un-desastre","status":"publish","type":"post","link":"https:\/\/enlamira.info\/index.php\/2024\/03\/28\/battaglia-revelo-que-le-dijo-almendra-antes-de-ser-apartado-de-boca-un-desastre\/","title":{"rendered":"Battaglia revel\u00f3 que le dijo Almendra antes de ser apartado de Boca: \u201cUn desastre\u201c"},"content":{"rendered":"\n<p>El ex director t\u00e9cnico del Xeneize cont\u00f3 cuales fueron las palabras del mediocampista luego de ser \u201ccolgado\u201d<\/p>\n\n\n\n<p>Sebasti\u00e1n Battaglia\u00a0no se fue de la mejor manera tras su ciclo como\u00a0DT de Boca Juniors, donde si bien dej\u00f3 grandes momentos, tambi\u00e9n tuvo que tomar dif\u00edciles decisiones, como lo fue apartar a\u00a0Agust\u00edn Almendra\u00a0del plantel.<\/p>\n\n\n\n<p>En una charla con\u00a0TyC Sports, el estratega revel\u00f3 como fue la charla con el joven jugador:\u00a0\u201cLas reglas est\u00e1n para cumplirlas, sino es cualquier cosa y cada uno hace lo que quiere. Vos est\u00e1s en un grupo, hay un entrenador y dirigentes\u201d.\u00a0<\/p>\n\n\n\n<p>Luego revel\u00f3 la ins\u00f3lita respuesta del jugador:\u00a0\u201cLa voy a decir porque no tengo ning\u00fan problema. Me dijo: \u2018Ganaste 4 Libertadores al pedo&#8217;\u201d. \u201cMenos mal\u2026\u201d, brome\u00f3 el \u00eddolo hist\u00f3rico del Xeneize, al cual tambi\u00e9n le habr\u00edan dicho que como DT era \u201cun desastre\u201d.<\/p>\n\n\n\n<p>Por \u00faltimo, analiz\u00f3: \u201cQuiz\u00e1s le comen la cabeza de otro lugar, los confunden, llegan al entrenamiento pensando una cosa y el entrenador piensa otra. Si yo veo que no est\u00e1s bien, tengo que elegir. \u00bfSino para qu\u00e9 est\u00e1s ah\u00ed?\u201d.<\/p>\n","protected":false},"excerpt":{"rendered":"<p>El ex director t\u00e9cnico del Xeneize cont\u00f3 cuales fueron las palabras del mediocampista luego de ser \u201ccolgado\u201d Sebasti\u00e1n Battaglia\u00a0no se fue de la mejor manera tras su ciclo como\u00a0DT de Boca Juniors, donde si bien dej\u00f3 grandes momentos, tambi\u00e9n tuvo que tomar dif\u00edciles decisiones, como lo fue apartar a\u00a0Agust\u00edn Almendra\u00a0del plantel. En una charla con\u00a0TyC [&hellip;]<\/p>\n","protected":false},"author":2,"featured_media":2168,"comment_status":"open","ping_status":"open","sticky":false,"template":"","format":"standard","meta":{"footnotes":""},"categories":[14],"tags":[],"_links":{"self":[{"href":"https:\/\/enlamira.info\/index.php\/wp-json\/wp\/v2\/posts\/2165"}],"collection":[{"href":"https:\/\/enlamira.info\/index.php\/wp-json\/wp\/v2\/posts"}],"about":[{"href":"https:\/\/enlamira.info\/index.php\/wp-json\/wp\/v2\/types\/post"}],"author":[{"embeddable":true,"href":"https:\/\/enlamira.info\/index.php\/wp-json\/wp\/v2\/users\/2"}],"replies":[{"embeddable":true,"href":"https:\/\/enlamira.info\/index.php\/wp-json\/wp\/v2\/comments?post=2165"}],"version-history":[{"count":2,"href":"https:\/\/enlamira.info\/index.php\/wp-json\/wp\/v2\/posts\/2165\/revisions"}],"predecessor-version":[{"id":2169,"href":"https:\/\/enlamira.info\/index.php\/wp-json\/wp\/v2\/posts\/2165\/revisions\/2169"}],"wp:featuredmedia":[{"embeddable":true,"href":"https:\/\/enlamira.info\/index.php\/wp-json\/wp\/v2\/media\/2168"}],"wp:attachment":[{"href":"https:\/\/enlamira.info\/index.php\/wp-json\/wp\/v2\/media?parent=2165"}],"wp:term":[{"taxonomy":"category","embeddable":true,"href":"https:\/\/enlamira.info\/index.php\/wp-json\/wp\/v2\/categories?post=2165"},{"taxonomy":"post_tag","embeddable":true,"href":"https:\/\/enlamira.info\/index.php\/wp-json\/wp\/v2\/tags?post=2165"}],"curies":[{"name":"wp","href":"https:\/\/api.w.org\/{rel}","templated":true}]}}