{"id":21626,"date":"2026-03-15T00:03:00","date_gmt":"2026-03-15T03:03:00","guid":{"rendered":"https:\/\/enlamira.info\/?p=21626"},"modified":"2026-03-14T18:49:16","modified_gmt":"2026-03-14T21:49:16","slug":"implementan-cambios-de-recorridos-en-colectivos-del-que-unen-el-conurbano-sur-con-caba","status":"publish","type":"post","link":"https:\/\/enlamira.info\/index.php\/2026\/03\/15\/implementan-cambios-de-recorridos-en-colectivos-del-que-unen-el-conurbano-sur-con-caba\/","title":{"rendered":"Implementan cambios de recorridos en colectivos del que unen el conurbano sur con CABA"},"content":{"rendered":"\n<p>El Gobierno nacional implement\u00f3 modificaciones en recorridos de l\u00edneas de colectivos que circulan en el \u00c1rea Metropolitana de Buenos Aires (AMBA) y que tienen cabecera en el partido de Lan\u00fas.<\/p>\n\n\n\n<p>Los cambios en los par\u00e1metros operativos de las l\u00edneas 128, 158 y la fusi\u00f3n de la 32 y 75, fueron dispuestos por la Secretar\u00eda de Transporte \u201ccon el objetivo de mejorar la eficiencia del servicio p\u00fablico\u201d.<\/p>\n\n\n\n<p>Al explicar la reestructuraci\u00f3n de las l\u00edneas operadas por la empresa El Puente S.A.T., desde el Ejecutivo explicaron que \u201cforma parte del proceso de mejora de la red, buscando optimizar recorridos, reducir superposiciones, reforzar los tramos de mayor demanda y facilitar la combinaci\u00f3n con otros medios de transporte\u201d.<\/p>\n\n\n\n<p>En este sentido, indicaron que con estos prop\u00f3sitos se apunta a garantizar \u201cun servicio m\u00e1s eficiente y equilibrado para los usuarios\u201d del transporte p\u00fablico en el territorio metropolitano.<\/p>\n\n\n\n<p>\ud83d\ude8e <strong>Fusi\u00f3n entre las l\u00edneas 32 y 75<\/strong><\/p>\n\n\n\n<p>Las l\u00edneas 32 y 75 se fusionan en una \u00fanica l\u00ednea 32, que contar\u00e1 con tres recorridos entre Once y Remedios de Escalada.<\/p>\n\n\n\n<p>Adem\u00e1s, se crea el nuevo Recorrido C que conecta Remedios de Escalada con la Estaci\u00f3n Hospitales de la L\u00ednea H del subte, fomentando el trasbordo entre distintos modos de transporte.<\/p>\n\n\n\n<p>Entre los principales cambios se destacan:<\/p>\n\n\n\n<p>\u2022 El ex ramal A de la l\u00ednea 75 deja su cabecera en Retiro, para pasar a operar de Once hacia el sur, fortaleciendo el tramo entre Once y Lan\u00fas, donde se encuentra el mayor flujo de pasajeros.<\/p>\n\n\n\n<p>\u2022 Se unifican las cabeceras de ambas l\u00edneas en Remedios de Escalada, para una mejor operatoria y regularidad de los servicios.<\/p>\n\n\n\n<p>\u2022 Se agrega un fraccionamiento (recorrido C) entre Remedios de Escalada y la estaci\u00f3n Hospitales de la l\u00ednea H de subte, a fines de facilitar la combinaci\u00f3n intermodal y reforzar los servicios en el tramo con alta demanda en horas pico.<\/p>\n\n\n\n<p>\u2022 Se suprime el recorrido B de la l\u00ednea 75.<\/p>\n\n\n\n<p>De este modo, la nueva l\u00ednea 32 operar\u00e1 de la siguiente manera:<\/p>\n\n\n\n<p>\u25aa\ufe0e Recorrido A: Plaza de Miserere (Ciudad Aut\u00f3noma de Buenos Aires) \u2013 Remedios de Escalada (Partido de Lan\u00fas), con frecuencias entre 6 y 8 minutos.<\/p>\n\n\n\n<p>\u25aa\ufe0e Recorrido B (por Rucci): Plaza de Miserere (Ciudad Aut\u00f3noma de Buenos Aires) \u2013 Remedios de Escalada (Partido de Lan\u00fas), con frecuencias entre 11 y 16 minutos.<\/p>\n\n\n\n<p>\u25aa\ufe0e Recorrido C (por Rucci): Hospitales (Ciudad Aut\u00f3noma de Buenos Aires) \u2013 Remedios de Escalada (Partido de Lan\u00fas), con frecuencias entre 9 y 12 minutos.<\/p>\n\n\n\n<p>\ud83d\ude8e <strong>Cambios en la l\u00ednea 128<\/strong><\/p>\n\n\n\n<p>Se incorpora un nuevo recorrido fraccionado (nuevo recorrido B), entre Pompeya y Plaza Italia, con el objetivo de incrementar los servicios en el tramo con mayor demanda de pasajeros en hora pico.<\/p>\n\n\n\n<p>Los servicios de la l\u00ednea 128 quedan conformados as\u00ed:<\/p>\n\n\n\n<p>\u25aa\ufe0e Recorrido A: Plaza Italia (Ciudad Aut\u00f3noma de Buenos Aires) \u2013 Valent\u00edn Alsina (Partido de Lan\u00fas \u2013 Provincia de Buenos Aires), con frecuencias entre 6 y 9 minutos.<\/p>\n\n\n\n<p>\u25aa\ufe0e Recorrido B: Plaza Italia (Ciudad Aut\u00f3noma de Buenos Aires) \u2013 Nueva Pompeya (Ciudad Aut\u00f3noma de Buenos Aires), con frecuencias entre 5 y 7 minutos.<\/p>\n\n\n\n<p>Ambos recorridos operar\u00e1n el servicio troncal en horas pico, con una frecuencia conjunta de 3 minutos.<\/p>\n\n\n\n<p>\ud83d\ude8e<strong> La nueva l\u00ednea 158<\/strong><\/p>\n\n\n\n<p>Se prolonga el recorrido actual desde Pompeya hasta Parque Patricios, para alcanzar la estaci\u00f3n de subte Hospitales de la l\u00ednea H, promoviendo la combinaci\u00f3n con otros modos de transporte.IP<\/p>\n\n\n\n<p>La l\u00ednea queda conformada de la siguiente manera:\u25aa\ufe0e Recorrido A Hospitales (Ciudad Aut\u00f3noma de Buenos Aires) \u2013 Estaci\u00f3n Lan\u00fas (L\u00ednea Roca \u2013 Partido de Lan\u00fas), con frecuencia entre 4 y 5 minutos.<\/p>\n","protected":false},"excerpt":{"rendered":"<p>El Gobierno nacional implement\u00f3 modificaciones en recorridos de l\u00edneas de colectivos que circulan en el \u00c1rea Metropolitana de Buenos Aires (AMBA) y que tienen cabecera en el partido de Lan\u00fas. Los cambios en los par\u00e1metros operativos de las l\u00edneas 128, 158 y la fusi\u00f3n de la 32 y 75, fueron dispuestos por la Secretar\u00eda de [&hellip;]<\/p>\n","protected":false},"author":4,"featured_media":21623,"comment_status":"open","ping_status":"open","sticky":false,"template":"","format":"standard","meta":{"footnotes":""},"categories":[1],"tags":[],"_links":{"self":[{"href":"https:\/\/enlamira.info\/index.php\/wp-json\/wp\/v2\/posts\/21626"}],"collection":[{"href":"https:\/\/enlamira.info\/index.php\/wp-json\/wp\/v2\/posts"}],"about":[{"href":"https:\/\/enlamira.info\/index.php\/wp-json\/wp\/v2\/types\/post"}],"author":[{"embeddable":true,"href":"https:\/\/enlamira.info\/index.php\/wp-json\/wp\/v2\/users\/4"}],"replies":[{"embeddable":true,"href":"https:\/\/enlamira.info\/index.php\/wp-json\/wp\/v2\/comments?post=21626"}],"version-history":[{"count":1,"href":"https:\/\/enlamira.info\/index.php\/wp-json\/wp\/v2\/posts\/21626\/revisions"}],"predecessor-version":[{"id":21627,"href":"https:\/\/enlamira.info\/index.php\/wp-json\/wp\/v2\/posts\/21626\/revisions\/21627"}],"wp:featuredmedia":[{"embeddable":true,"href":"https:\/\/enlamira.info\/index.php\/wp-json\/wp\/v2\/media\/21623"}],"wp:attachment":[{"href":"https:\/\/enlamira.info\/index.php\/wp-json\/wp\/v2\/media?parent=21626"}],"wp:term":[{"taxonomy":"category","embeddable":true,"href":"https:\/\/enlamira.info\/index.php\/wp-json\/wp\/v2\/categories?post=21626"},{"taxonomy":"post_tag","embeddable":true,"href":"https:\/\/enlamira.info\/index.php\/wp-json\/wp\/v2\/tags?post=21626"}],"curies":[{"name":"wp","href":"https:\/\/api.w.org\/{rel}","templated":true}]}}