{"id":21624,"date":"2026-03-15T00:02:00","date_gmt":"2026-03-15T03:02:00","guid":{"rendered":"https:\/\/enlamira.info\/?p=21624"},"modified":"2026-03-14T18:47:38","modified_gmt":"2026-03-14T21:47:38","slug":"otermin-presento-nuevas-maquinas-para-el-mantenimiento-de-las-cuencas-de-lomas","status":"publish","type":"post","link":"https:\/\/enlamira.info\/index.php\/2026\/03\/15\/otermin-presento-nuevas-maquinas-para-el-mantenimiento-de-las-cuencas-de-lomas\/","title":{"rendered":"Oterm\u00edn present\u00f3 nuevas m\u00e1quinas para el mantenimiento de las cuencas de Lomas"},"content":{"rendered":"\n<p>El intendente de Lomas de Zamora, Federico Oterm\u00edn, junto a trabajadores y trabajadoras del programa Lomas Limpia, present\u00f3 7 retroexcavadoras y una excavadora de largo alcance (Long Reach) de 18 metros, que se suman a la flota local, en este caso para la limpieza de arroyos y zanjones y el mantenimiento de las cuencas. De la actividad tambi\u00e9n participaron la Jefa de Gabinete, Sol Tischik, y la Secretaria General, Aldana Scillama.<\/p>\n\n\n\n<p>\u201cEn el Gobierno de la Comunidad, con el respaldo del Gobierno bonaerense y del Banco Provincia, incorporamos m\u00e1s equipamiento para cuidar nuestra Casa Com\u00fan\u201d, resalt\u00f3 el jefe comunal, quien agradeci\u00f3 al Gobernador Axel Kicillof el acompa\u00f1amiento y consider\u00f3 que \u201ces fundamental que podamos sumar capacidad de respuesta en relaci\u00f3n a las cuestiones que m\u00e1s preocupan a los vecinos\u201d. Durante la apertura de sesiones del Concejo Deliberante, Oterm\u00edn anunci\u00f3 el env\u00edo de una ordenanza para crear la Agencia de Cuencas Lomas, a fin de contar con un \u00f3rgano espec\u00edfico dedicado al an\u00e1lisis de las cuencas y, en articulaci\u00f3n con las \u00e1reas de gesti\u00f3n y el Comit\u00e9 Operativo de Emergencias, abordar la prevenci\u00f3n de contingencias clim\u00e1ticas.<\/p>\n\n\n\n<p>\u201cAnte el retiro del Estado nacional, no vamos a resignarnos a un futuro de destrucci\u00f3n, angustia y tristeza. Trabajamos todos los d\u00edas para poder tener un futuro mejor y a esa alternativa la vamos a construir con la comunidad de las Lomas de Zamora, las tierras m\u00e1s hermosas de nuestra provincia y nuestro pa\u00eds, cuid\u00e1ndolas para est\u00e9n limpias, lindas y seguras, porque ese el camino para que el pueblo sea feliz\u201d, concluy\u00f3 Oterm\u00edn.<\/p>\n","protected":false},"excerpt":{"rendered":"<p>El intendente de Lomas de Zamora, Federico Oterm\u00edn, junto a trabajadores y trabajadoras del programa Lomas Limpia, present\u00f3 7 retroexcavadoras y una excavadora de largo alcance (Long Reach) de 18 metros, que se suman a la flota local, en este caso para la limpieza de arroyos y zanjones y el mantenimiento de las cuencas. De [&hellip;]<\/p>\n","protected":false},"author":4,"featured_media":21621,"comment_status":"open","ping_status":"open","sticky":false,"template":"","format":"standard","meta":{"footnotes":""},"categories":[1],"tags":[28],"_links":{"self":[{"href":"https:\/\/enlamira.info\/index.php\/wp-json\/wp\/v2\/posts\/21624"}],"collection":[{"href":"https:\/\/enlamira.info\/index.php\/wp-json\/wp\/v2\/posts"}],"about":[{"href":"https:\/\/enlamira.info\/index.php\/wp-json\/wp\/v2\/types\/post"}],"author":[{"embeddable":true,"href":"https:\/\/enlamira.info\/index.php\/wp-json\/wp\/v2\/users\/4"}],"replies":[{"embeddable":true,"href":"https:\/\/enlamira.info\/index.php\/wp-json\/wp\/v2\/comments?post=21624"}],"version-history":[{"count":1,"href":"https:\/\/enlamira.info\/index.php\/wp-json\/wp\/v2\/posts\/21624\/revisions"}],"predecessor-version":[{"id":21625,"href":"https:\/\/enlamira.info\/index.php\/wp-json\/wp\/v2\/posts\/21624\/revisions\/21625"}],"wp:featuredmedia":[{"embeddable":true,"href":"https:\/\/enlamira.info\/index.php\/wp-json\/wp\/v2\/media\/21621"}],"wp:attachment":[{"href":"https:\/\/enlamira.info\/index.php\/wp-json\/wp\/v2\/media?parent=21624"}],"wp:term":[{"taxonomy":"category","embeddable":true,"href":"https:\/\/enlamira.info\/index.php\/wp-json\/wp\/v2\/categories?post=21624"},{"taxonomy":"post_tag","embeddable":true,"href":"https:\/\/enlamira.info\/index.php\/wp-json\/wp\/v2\/tags?post=21624"}],"curies":[{"name":"wp","href":"https:\/\/api.w.org\/{rel}","templated":true}]}}