{"id":21613,"date":"2026-03-14T18:35:51","date_gmt":"2026-03-14T21:35:51","guid":{"rendered":"https:\/\/enlamira.info\/?p=21613"},"modified":"2026-03-14T18:35:51","modified_gmt":"2026-03-14T21:35:51","slug":"confirmaron-la-reforma-en-los-controles-vehiculares","status":"publish","type":"post","link":"https:\/\/enlamira.info\/index.php\/2026\/03\/14\/confirmaron-la-reforma-en-los-controles-vehiculares\/","title":{"rendered":"Confirmaron la reforma en los controles vehiculares"},"content":{"rendered":"\n<p>El Gobierno rechaz\u00f3 el reclamo de los talleres y dej\u00f3 firme la reforma en los controles vehiculares, que prev\u00e9 menos tr\u00e1mites, extensi\u00f3n de plazos y la apertura del mercado a concesionarias e importadores.<\/p>\n\n\n\n<p>La ratificaci\u00f3n del cambio normativo se dio mediante el Decreto 139\/2026, publicado este lunes en el Bolet\u00edn Oficial, al desestimar el planteo de la C\u00e1mara Argentina de Talleres de Revisi\u00f3n T\u00e9cnica (CATRAI) y de casi 30 empresas del sector.<\/p>\n\n\n\n<p>Los empresarios buscaban frenar la reforma del sistema de Revisi\u00f3n T\u00e9cnica Obligatoria (RTO) y Verificaci\u00f3n T\u00e9cnica Vehicular (VTV), argumentando que los cambios introducidos por el Decreto 196\/25 pon\u00edan en riesgo la seguridad vial y afectaban la \u201cindependencia de criterios\u201d de las inspecciones.<\/p>\n\n\n\n<p>\u2022 Veh\u00edculos 0 km: la primera revisi\u00f3n t\u00e9cnica deber\u00e1 realizarse reci\u00e9n a los 5 a\u00f1os del patentamiento (antes era a los 3 a\u00f1os).<\/p>\n\n\n\n<p>\u2022 Autos de hasta 10 a\u00f1os: la revisi\u00f3n ser\u00e1 cada dos a\u00f1os, en lugar de anual.<\/p>\n\n\n\n<p>\u2022 Fin de la exclusividad: las autoridades jurisdiccionales ya no podr\u00e1n limitar el n\u00famero de talleres ni fijar tarifas m\u00e1ximas o m\u00ednimas.<\/p>\n\n\n\n<p>\u2022 Nuevos actores: concesionarias, importadores y talleres mec\u00e1nicos podr\u00e1n realizar las revisiones, eliminando la exclusividad de los centros de inspecci\u00f3n tradicionales.<\/p>\n\n\n\n<p>La CATRAI y diversas empresas fundamentaron su reclamo en que la extensi\u00f3n de plazos no ten\u00eda sustento t\u00e9cnico y que permitir que una concesionaria inspeccione el auto que ella misma vende genera un conflicto de intereses. Sin embargo, el Ejecutivo descart\u00f3 los reparos del sector.<\/p>\n\n\n\n<p>En cuanto a los plazos, esgrimi\u00f3 que los veh\u00edculos modernos poseen mayores garant\u00edas de seguridad, por lo que inspeccionarlos con tanta frecuencia es, seg\u00fan el Gobierno, una \u201cburocracia innecesaria\u201d.<\/p>\n\n\n\n<p>En el plano de la seguridad vial, la explicaci\u00f3n gubernamental cit\u00f3 estudios internacionales que se\u00f1alan que la mayor\u00eda de los siniestros viales ocurren por errores humanos (alcohol, velocidad, distracciones) y no por fallas mec\u00e1nicas.<\/p>\n\n\n\n<p>Adem\u00e1s, trajo a colaci\u00f3n los est\u00e1ndares internacionales en el tema, puntualizando que en la Uni\u00f3n Europea no se exige exclusividad, permitiendo que empresas de mantenimiento tambi\u00e9n realicen inspecciones si cumplen con los protocolos.<\/p>\n\n\n\n<p>En este marco, el texto oficial sostuvo que \u201cla objetividad del sistema se garantiza mediante la fiscalizaci\u00f3n de los procesos y no a trav\u00e9s de restricciones al objeto social de los prestadores, las cuales act\u00faan como barreras de entrada injustificadas\u201d.<\/p>\n\n\n\n<p>En la misma l\u00ednea, el Gobierno sostiene que la libre negociaci\u00f3n de precios entre talleres y usuarios es el \u201cmecanismo m\u00e1s eficiente\u201d para garantizar un precio justo.<\/p>\n\n\n\n<p>De hecho, el ministro de Desregulaci\u00f3n y Transformaci\u00f3n del Estado, Federico Sturzenegger, destac\u00f3 la confirmaci\u00f3n de la medida en su cuenta de X al se\u00f1alar que \u201cqueda as\u00ed allanada la reforma que va a poner racionalidad y va a permitir que las VTV se hagan en las concesionarias, en cualquier taller habilitado o en los talleres RTO que hoy hacen solo veh\u00edculos de carga. En definitiva, con m\u00e1s oferta como es en cualquier pa\u00eds serio del mundo\u201d.<\/p>\n\n\n\n<p>La reforma tambi\u00e9n elimin\u00f3 el Informe de Configuraci\u00f3n de Modelo (ICM) para veh\u00edculos modificados, delegando la responsabilidad directamente en el profesional matriculado que firma la reforma, simplificando as\u00ed los tr\u00e1mites administrativos.<\/p>\n","protected":false},"excerpt":{"rendered":"<p>El Gobierno rechaz\u00f3 el reclamo de los talleres y dej\u00f3 firme la reforma en los controles vehiculares, que prev\u00e9 menos tr\u00e1mites, extensi\u00f3n de plazos y la apertura del mercado a concesionarias e importadores. La ratificaci\u00f3n del cambio normativo se dio mediante el Decreto 139\/2026, publicado este lunes en el Bolet\u00edn Oficial, al desestimar el planteo [&hellip;]<\/p>\n","protected":false},"author":4,"featured_media":21615,"comment_status":"open","ping_status":"open","sticky":false,"template":"","format":"standard","meta":{"footnotes":""},"categories":[4],"tags":[],"_links":{"self":[{"href":"https:\/\/enlamira.info\/index.php\/wp-json\/wp\/v2\/posts\/21613"}],"collection":[{"href":"https:\/\/enlamira.info\/index.php\/wp-json\/wp\/v2\/posts"}],"about":[{"href":"https:\/\/enlamira.info\/index.php\/wp-json\/wp\/v2\/types\/post"}],"author":[{"embeddable":true,"href":"https:\/\/enlamira.info\/index.php\/wp-json\/wp\/v2\/users\/4"}],"replies":[{"embeddable":true,"href":"https:\/\/enlamira.info\/index.php\/wp-json\/wp\/v2\/comments?post=21613"}],"version-history":[{"count":1,"href":"https:\/\/enlamira.info\/index.php\/wp-json\/wp\/v2\/posts\/21613\/revisions"}],"predecessor-version":[{"id":21614,"href":"https:\/\/enlamira.info\/index.php\/wp-json\/wp\/v2\/posts\/21613\/revisions\/21614"}],"wp:featuredmedia":[{"embeddable":true,"href":"https:\/\/enlamira.info\/index.php\/wp-json\/wp\/v2\/media\/21615"}],"wp:attachment":[{"href":"https:\/\/enlamira.info\/index.php\/wp-json\/wp\/v2\/media?parent=21613"}],"wp:term":[{"taxonomy":"category","embeddable":true,"href":"https:\/\/enlamira.info\/index.php\/wp-json\/wp\/v2\/categories?post=21613"},{"taxonomy":"post_tag","embeddable":true,"href":"https:\/\/enlamira.info\/index.php\/wp-json\/wp\/v2\/tags?post=21613"}],"curies":[{"name":"wp","href":"https:\/\/api.w.org\/{rel}","templated":true}]}}