{"id":21600,"date":"2026-03-13T14:43:25","date_gmt":"2026-03-13T17:43:25","guid":{"rendered":"https:\/\/enlamira.info\/?p=21600"},"modified":"2026-03-13T14:43:25","modified_gmt":"2026-03-13T17:43:25","slug":"exclusivo-la-desesperada-carta-de-maria-al-intendente-tras-el-derribo-de-su-casa-y-el-desalojo-en-sarandi","status":"publish","type":"post","link":"https:\/\/enlamira.info\/index.php\/2026\/03\/13\/exclusivo-la-desesperada-carta-de-maria-al-intendente-tras-el-derribo-de-su-casa-y-el-desalojo-en-sarandi\/","title":{"rendered":"EXCLUSIVO: LA DESESPERADA CARTA DE MAR\u00cdA AL INTENDENTE TRAS EL DERRIBO DE SU CASA Y EL DESALOJO EN SARAND\u00cd"},"content":{"rendered":"\n<hr class=\"wp-block-separator has-alpha-channel-opacity\"\/>\n\n\n\n<p><strong>Mar\u00eda Ducoms y Daniel Retamoza, junto a sus dos nietas de 6 y 9 a\u00f1os con discapacidad, se encuentran hoy en situaci\u00f3n de calle. Denuncian que el desalojo, ocurrido tras se\u00f1alar irregularidades ambientales de una empresa lindera, fue una &#8220;estafa procesal&#8221;. En exclusiva, accedimos a la nota que presentaron ante Jorge Ferraresi exigiendo una audiencia urgente.<\/strong><\/p>\n\n\n\n<hr class=\"wp-block-separator has-alpha-channel-opacity\"\/>\n\n\n\n<p><strong>AVELLANEDA, MARZO 2026.<\/strong> Lo que comenz\u00f3 como una lucha por un ambiente sano en <strong>Sarand\u00ed<\/strong> termin\u00f3 en una tragedia humanitaria para una familia hist\u00f3rica del barrio. <strong>Mar\u00eda Ducomls<\/strong> y <strong>Daniel Retamoza<\/strong> le enviaron una carta desesperada al Intendente de Avellaneda, <strong>Jorge Ferraresi<\/strong>, solicitando su intervenci\u00f3n inmediata tras haber sido desalojados de su vivienda en Camino de la Costa y Sargento Ponce (Quinta 41), casa que luego fue demolida.<\/p>\n\n\n\n<p>La familia denuncia que detr\u00e1s del operativo de desalojo del pasado 10 de febrero se esconde un entramado de &#8220;irregularidades e ilegalidad manifiesta&#8221;. Seg\u00fan el documento, la causa fue instruida por la <strong>UFI 3 de Avellaneda<\/strong> bajo una car\u00e1tula ins\u00f3lita: infracci\u00f3n a la <strong>Ley de Residuos Peligrosos (N\u00b0 24.051)<\/strong>.<\/p>\n\n\n\n<h3 class=\"wp-block-heading\">Una &#8220;maniobra judicial&#8221; para silenciarlos<\/h3>\n\n\n\n<p>En la nota presentada ante el municipio, la familia acusa al agente fiscal de haber &#8220;convencido&#8221; al Juzgado de Garant\u00edas N\u00b04 de que ellos eran usurpadores, cuando en realidad habitaban el lugar hace <strong>m\u00e1s de 50 a\u00f1os<\/strong>.<\/p>\n\n\n\n<p>Mar\u00eda y Daniel denuncian graves delitos por parte de la justicia, incluyendo:<\/p>\n\n\n\n<ul>\n<li><strong>Abuso de autoridad<\/strong> (Art. 248 CP).<\/li>\n\n\n\n<li><strong>Falsedad ideol\u00f3gica<\/strong> (Art. 293).<\/li>\n\n\n\n<li><strong>Estafa procesal<\/strong> (Art. 172).<\/li>\n<\/ul>\n\n\n\n<p>Para los afectados, la causa de &#8220;residuos peligrosos&#8221; fue el instrumento legal utilizado para sacarlos del territorio, una situaci\u00f3n que vinculan directamente con sus reclamos previos contra la contaminaci\u00f3n ambiental en la zona.<\/p>\n\n\n\n<h3 class=\"wp-block-heading\">A la intemperie y con ni\u00f1os con discapacidad<\/h3>\n\n\n\n<p>El drama es hoy estrictamente humano. La familia se encuentra en <strong>situaci\u00f3n de calle<\/strong>, durmiendo a la intemperie. La situaci\u00f3n es de extrema vulnerabilidad, ya que el grupo familiar incluye a:<\/p>\n\n\n\n<ol start=\"1\">\n<li><strong>Un hijo mayor y su mujer<\/strong>, ambos con discapacidad (CUD).<\/li>\n\n\n\n<li><strong>Dos nietas de 6 y 9 a\u00f1os<\/strong>, tambi\u00e9n con Certificado \u00danico de Discapacidad (CUD).<\/li>\n<\/ol>\n\n\n\n<blockquote class=\"wp-block-quote\">\n<p>&#8220;Le solicitamos, urgentemente, una audiencia a fin de que usted pueda intervenir y acompa\u00f1arnos en esta tr\u00e1gica situaci\u00f3n&#8221;, reza el texto firmado por el matrimonio, quienes pretenden asistir al encuentro junto a su abogado, el <strong>Dr. Juan G\u00f3mez<\/strong>.<\/p>\n<\/blockquote>\n\n\n\n<h3 class=\"wp-block-heading\">Un sello que espera respuestas<\/h3>\n\n\n\n<p>La nota, que lleva el sello de recepci\u00f3n del \u00e1rea de Ceremonial del municipio con fecha del <strong>9 de marzo de 2026<\/strong>, representa la \u00faltima esperanza para Mar\u00eda. Mientras la burocracia avanza, una familia entera \u2014con ni\u00f1os que requieren cuidados especiales\u2014 espera una respuesta desde la vereda de lo que alguna vez fue su hogar.<\/p>\n\n\n\n<p>Desde nuestro medio, seguiremos de cerca si el Intendente Ferraresi decide abrir las puertas a este reclamo o si el silencio seguir\u00e1 siendo la \u00fanica respuesta para los vecinos de la Quinta 41.<\/p>\n\n\n\n<figure class=\"wp-block-image size-large\"><img loading=\"lazy\" decoding=\"async\" width=\"771\" height=\"1024\" src=\"https:\/\/enlamira.info\/wp-content\/uploads\/2026\/03\/0d5da085-169e-4eb6-b0b2-a1bc3ddc3c4f-771x1024.jpg\" alt=\"\" class=\"wp-image-21601\" srcset=\"https:\/\/enlamira.info\/wp-content\/uploads\/2026\/03\/0d5da085-169e-4eb6-b0b2-a1bc3ddc3c4f-771x1024.jpg 771w, https:\/\/enlamira.info\/wp-content\/uploads\/2026\/03\/0d5da085-169e-4eb6-b0b2-a1bc3ddc3c4f-226x300.jpg 226w, https:\/\/enlamira.info\/wp-content\/uploads\/2026\/03\/0d5da085-169e-4eb6-b0b2-a1bc3ddc3c4f-768x1021.jpg 768w, https:\/\/enlamira.info\/wp-content\/uploads\/2026\/03\/0d5da085-169e-4eb6-b0b2-a1bc3ddc3c4f-1156x1536.jpg 1156w, https:\/\/enlamira.info\/wp-content\/uploads\/2026\/03\/0d5da085-169e-4eb6-b0b2-a1bc3ddc3c4f.jpg 1204w\" sizes=\"(max-width: 771px) 100vw, 771px\" \/><\/figure>\n","protected":false},"excerpt":{"rendered":"<p>Mar\u00eda Ducoms y Daniel Retamoza, junto a sus dos nietas de 6 y 9 a\u00f1os con discapacidad, se encuentran hoy en situaci\u00f3n de calle. Denuncian que el desalojo, ocurrido tras se\u00f1alar irregularidades ambientales de una empresa lindera, fue una &#8220;estafa procesal&#8221;. En exclusiva, accedimos a la nota que presentaron ante Jorge Ferraresi exigiendo una audiencia [&hellip;]<\/p>\n","protected":false},"author":4,"featured_media":21602,"comment_status":"open","ping_status":"open","sticky":false,"template":"","format":"standard","meta":{"footnotes":""},"categories":[1,20],"tags":[],"_links":{"self":[{"href":"https:\/\/enlamira.info\/index.php\/wp-json\/wp\/v2\/posts\/21600"}],"collection":[{"href":"https:\/\/enlamira.info\/index.php\/wp-json\/wp\/v2\/posts"}],"about":[{"href":"https:\/\/enlamira.info\/index.php\/wp-json\/wp\/v2\/types\/post"}],"author":[{"embeddable":true,"href":"https:\/\/enlamira.info\/index.php\/wp-json\/wp\/v2\/users\/4"}],"replies":[{"embeddable":true,"href":"https:\/\/enlamira.info\/index.php\/wp-json\/wp\/v2\/comments?post=21600"}],"version-history":[{"count":1,"href":"https:\/\/enlamira.info\/index.php\/wp-json\/wp\/v2\/posts\/21600\/revisions"}],"predecessor-version":[{"id":21603,"href":"https:\/\/enlamira.info\/index.php\/wp-json\/wp\/v2\/posts\/21600\/revisions\/21603"}],"wp:featuredmedia":[{"embeddable":true,"href":"https:\/\/enlamira.info\/index.php\/wp-json\/wp\/v2\/media\/21602"}],"wp:attachment":[{"href":"https:\/\/enlamira.info\/index.php\/wp-json\/wp\/v2\/media?parent=21600"}],"wp:term":[{"taxonomy":"category","embeddable":true,"href":"https:\/\/enlamira.info\/index.php\/wp-json\/wp\/v2\/categories?post=21600"},{"taxonomy":"post_tag","embeddable":true,"href":"https:\/\/enlamira.info\/index.php\/wp-json\/wp\/v2\/tags?post=21600"}],"curies":[{"name":"wp","href":"https:\/\/api.w.org\/{rel}","templated":true}]}}