{"id":21593,"date":"2026-03-13T14:26:08","date_gmt":"2026-03-13T17:26:08","guid":{"rendered":"https:\/\/enlamira.info\/?p=21593"},"modified":"2026-03-13T14:26:08","modified_gmt":"2026-03-13T17:26:08","slug":"historia-de-una-busqueda-silenciada-graciela-la-vecina-de-dominico-que-lucha-por-recuperar-su-verdadera-identidad","status":"publish","type":"post","link":"https:\/\/enlamira.info\/index.php\/2026\/03\/13\/historia-de-una-busqueda-silenciada-graciela-la-vecina-de-dominico-que-lucha-por-recuperar-su-verdadera-identidad\/","title":{"rendered":"HISTORIA DE UNA B\u00daSQUEDA SILENCIADA: GRACIELA, LA VECINA DE DOM\u00cdNICO QUE LUCHA POR RECUPERAR SU VERDADERA IDENTIDAD"},"content":{"rendered":"\n<hr class=\"wp-block-separator has-alpha-channel-opacity\"\/>\n\n\n\n<p><strong>A sus 52 a\u00f1os, Graciela Segura descubri\u00f3 que la vida que conoc\u00eda estaba construida sobre un secreto de familia. Naci\u00f3 en 1973 y fue tra\u00edda desde Capital Federal en una operaci\u00f3n irregular orquestada por una partera del Hospital Israelita. Hoy, busca desesperadamente armar el rompecabezas de su origen, pero denuncia el abandono de los organismos de Derechos Humanos: &#8220;Abuelas de Plaza de Mayo me dijo que mi caso &#8216;no les interesa'&#8221;.<\/strong><\/p>\n\n\n\n<hr class=\"wp-block-separator has-alpha-channel-opacity\"\/>\n\n\n\n<p><strong>DOM\u00cdNICO, AVELLANEDA.<\/strong> Graciela atesora el amor que le dieron sus padres adoptivos, Osvaldo Manuel Segura y Susana Delia Elisetche, pero la necesidad de saber qui\u00e9n es realmente se ha vuelto un motor incontrolable en los \u00faltimos a\u00f1os. Vecina de Villa Dom\u00ednico de toda la vida, su mundo cambi\u00f3 cuando, casi por casualidad, un familiar le revel\u00f3 una verdad silenciada por d\u00e9cadas: ella no hab\u00eda nacido de la panza de la mujer que cre\u00eda su madre.<\/p>\n\n\n\n<p>A partir de ese momento, Graciela comenz\u00f3 una investigaci\u00f3n que la llev\u00f3 a confirmar las dudas con m\u00faltiples fuentes familiares. El relato que todos repiten se\u00f1ala a Le\u00f3nida Vicente, una prima de su padre adoptivo que trabajaba como enfermera y partera en el desaparecido Hospital Israelita de Capital Federal.<\/p>\n\n\n\n<h3 class=\"wp-block-heading\">Una red de silencios y una partida falsa<\/h3>\n\n\n\n<p>&#8220;Mis padres quer\u00edan hacer una adopci\u00f3n legal, pero esta se\u00f1ora le dijo a mi pap\u00e1 que hab\u00eda una beb\u00e9 y que ten\u00eda que ir a buscarla esa noche porque al otro d\u00eda se la llevaban a otro lugar&#8221;. La operaci\u00f3n fue r\u00e1pida y efectiva. La partida de nacimiento de Graciela, fechada el <strong>5 de octubre de 1973<\/strong>, es falsa: afirma que naci\u00f3 en el domicilio familiar de Dom\u00ednico y est\u00e1 firmada por la propia Le\u00f3nida Vicente, simulando haber asistido el parto.<\/p>\n\n\n\n<p>A pesar del amor recibido, Graciela recuerda indicios de inseguridad en su madre adoptiva, quien al principio ten\u00eda miedo de cuidarla por temor a que se la llevaran. Ese miedo se transform\u00f3 en un secreto que Susana jur\u00f3 llevarse a la tumba, ignorando los ruegos de otros familiares para que le dijera la verdad a su hija.<\/p>\n\n\n\n<h3 class=\"wp-block-heading\">El abandono institucional y el sesgo ideol\u00f3gico<\/h3>\n\n\n\n<p>Decidida a encontrar respuestas, Graciela acudi\u00f3 a las instituciones que, se supone, defienden el derecho humano a la identidad. Sin embargo, se encontr\u00f3 con una barrera burocr\u00e1tica e ideol\u00f3gica desalentadora.<\/p>\n\n\n\n<p>Al nacer en octubre de 1973, su caso queda fuera del rango temporal que maneja Abuelas de Plaza de Mayo para la b\u00fasqueda de nietos desaparecidos durante la dictadura (que inicia en 1975\/1976). Graciela denuncia que la respuesta de los organismos fue fr\u00eda y tajante: <strong>&#8220;No nos interesa&#8221;<\/strong>.<\/p>\n\n\n\n<p>Esta negativa expone un doloroso sesgo en la defensa de los Derechos Humanos. La identidad es un derecho universal, independientemente del contexto pol\u00edtico en el que fue vulnerado. Al cerrarle las puertas, estas instituciones abandonan a miles de personas que, como Graciela, fueron v\u00edctimas de sustituci\u00f3n de identidad y buscan desesperadamente su origen.<\/p>\n\n\n\n<h3 class=\"wp-block-heading\">La b\u00fasqueda contin\u00faa<\/h3>\n\n\n\n<p>Sin apoyo oficial, Graciela sigue adelante. Aunque los restos de sus padres adoptivos fueron cremados, busca realizar cotejos de ADN con parientes colaterales. Sus pistas apuntan al extinto Hospital Israelita y a un m\u00e9dico muy conocido en Capital Federal que trabajaba con la partera Le\u00f3nida Vicente, cuyo nombre figura en actas relacionadas con su caso.<\/p>\n\n\n\n<p>Graciela no busca juzgar el pasado, sino completar su historia. &#8220;La verdad siempre ante todo&#8221;, afirma. Para ella, saber de d\u00f3nde viene es la \u00fanica forma de sentirse plenamente libre y plena.<\/p>\n\n\n\n<p><strong>\u00bfC\u00f3mo ayudar?<\/strong><\/p>\n\n\n\n<p>Si ten\u00e9s alguna informaci\u00f3n sobre nacimientos irregulares en el Hospital Israelita alrededor de octubre de 1973, o conociste a la partera Le\u00f3nida Vicente, tu dato puede ser crucial.<\/p>\n\n\n\n<ul>\n<li><strong>Contacto:<\/strong> Graciela Segura<\/li>\n\n\n\n<li><strong>Facebook:<\/strong> <strong>Grave Segura<\/strong><\/li>\n<\/ul>\n\n\n\n<p><\/p>\n","protected":false},"excerpt":{"rendered":"<p>A sus 52 a\u00f1os, Graciela Segura descubri\u00f3 que la vida que conoc\u00eda estaba construida sobre un secreto de familia. Naci\u00f3 en 1973 y fue tra\u00edda desde Capital Federal en una operaci\u00f3n irregular orquestada por una partera del Hospital Israelita. Hoy, busca desesperadamente armar el rompecabezas de su origen, pero denuncia el abandono de los organismos [&hellip;]<\/p>\n","protected":false},"author":4,"featured_media":21594,"comment_status":"open","ping_status":"open","sticky":false,"template":"","format":"standard","meta":{"footnotes":""},"categories":[8,1,126,34],"tags":[2170],"_links":{"self":[{"href":"https:\/\/enlamira.info\/index.php\/wp-json\/wp\/v2\/posts\/21593"}],"collection":[{"href":"https:\/\/enlamira.info\/index.php\/wp-json\/wp\/v2\/posts"}],"about":[{"href":"https:\/\/enlamira.info\/index.php\/wp-json\/wp\/v2\/types\/post"}],"author":[{"embeddable":true,"href":"https:\/\/enlamira.info\/index.php\/wp-json\/wp\/v2\/users\/4"}],"replies":[{"embeddable":true,"href":"https:\/\/enlamira.info\/index.php\/wp-json\/wp\/v2\/comments?post=21593"}],"version-history":[{"count":1,"href":"https:\/\/enlamira.info\/index.php\/wp-json\/wp\/v2\/posts\/21593\/revisions"}],"predecessor-version":[{"id":21595,"href":"https:\/\/enlamira.info\/index.php\/wp-json\/wp\/v2\/posts\/21593\/revisions\/21595"}],"wp:featuredmedia":[{"embeddable":true,"href":"https:\/\/enlamira.info\/index.php\/wp-json\/wp\/v2\/media\/21594"}],"wp:attachment":[{"href":"https:\/\/enlamira.info\/index.php\/wp-json\/wp\/v2\/media?parent=21593"}],"wp:term":[{"taxonomy":"category","embeddable":true,"href":"https:\/\/enlamira.info\/index.php\/wp-json\/wp\/v2\/categories?post=21593"},{"taxonomy":"post_tag","embeddable":true,"href":"https:\/\/enlamira.info\/index.php\/wp-json\/wp\/v2\/tags?post=21593"}],"curies":[{"name":"wp","href":"https:\/\/api.w.org\/{rel}","templated":true}]}}