{"id":21585,"date":"2026-03-11T11:51:43","date_gmt":"2026-03-11T14:51:43","guid":{"rendered":"https:\/\/enlamira.info\/?p=21585"},"modified":"2026-03-11T11:51:43","modified_gmt":"2026-03-11T14:51:43","slug":"la-libertad-avanza-designo-a-estefania-albasetti-como-responsable-politica-del-partido-en-quilmes","status":"publish","type":"post","link":"https:\/\/enlamira.info\/index.php\/2026\/03\/11\/la-libertad-avanza-designo-a-estefania-albasetti-como-responsable-politica-del-partido-en-quilmes\/","title":{"rendered":"La Libertad Avanza design\u00f3 a Estefan\u00eda Albasetti como responsable pol\u00edtica del partido en Quilmes"},"content":{"rendered":"\n<p>La Libertad Avanza anunci\u00f3 cambios en su conducci\u00f3n en el distrito de Quilmes. El presidente del espacio en la provincia de Buenos Aires, Sebasti\u00e1n Pareja, design\u00f3 a la concejal Estefan\u00eda Albasetti como responsable de la conducci\u00f3n pol\u00edtica local, en reemplazo de Daniel Rol\u00f3n. La decisi\u00f3n fue difundida a trav\u00e9s de las redes oficiales del partido y forma parte de una etapa de reorganizaci\u00f3n y fortalecimiento territorial del espacio libertario en el distrito.<\/p>\n\n\n\n<p>Albasetti, concejal en Quilmes, es una de las dirigentes que impuls\u00f3 la construcci\u00f3n local de La Libertad Avanza desde sus inicios en el distrito. Desde 2022 mantiene abierto un local pol\u00edtico en la calle Yrigoyen 27, que se consolid\u00f3 como un punto de referencia para la militancia libertaria en la ciudad. Su actividad pol\u00edtica ha estado enfocada en cuestionar el impacto de las tasas municipales, la falta de servicios b\u00e1sicos y distintas problem\u00e1ticas barriales que, seg\u00fan sostiene, afectan a los vecinos quilme\u00f1os.<\/p>\n\n\n\n<p>En paralelo, la dirigente ha ganado visibilidad en redes sociales, donde difunde su postura pol\u00edtica y promueve el proyecto liberal encabezado por el presidente Javier Milei.<\/p>\n\n\n\n<p>Tras conocerse la designaci\u00f3n, Albasetti agradeci\u00f3 p\u00fablicamente la confianza del diputado nacional Sebasti\u00e1n Pareja y afirm\u00f3: \u201cCon responsabilidad y trabajo voy a cumplir el objetivo que pusiste en mis manos, poniendo por delante siempre el proyecto de pol\u00edtica liberal del presidente Javier Milei y de la presidenta de La Libertad Avanza, Karina Milei\u201d.<\/p>\n\n\n\n<p>Desde el espacio libertario se\u00f1alaron que la nueva conducci\u00f3n tendr\u00e1 como objetivo consolidar el crecimiento de La Libertad Avanza en Quilmes, fortalecer su estructura pol\u00edtica y ampliar la presencia del partido en los distintos barrios del distrito.<\/p>\n","protected":false},"excerpt":{"rendered":"<p>La Libertad Avanza anunci\u00f3 cambios en su conducci\u00f3n en el distrito de Quilmes. El presidente del espacio en la provincia de Buenos Aires, Sebasti\u00e1n Pareja, design\u00f3 a la concejal Estefan\u00eda Albasetti como responsable de la conducci\u00f3n pol\u00edtica local, en reemplazo de Daniel Rol\u00f3n. La decisi\u00f3n fue difundida a trav\u00e9s de las redes oficiales del partido [&hellip;]<\/p>\n","protected":false},"author":4,"featured_media":21582,"comment_status":"open","ping_status":"open","sticky":false,"template":"","format":"standard","meta":{"footnotes":""},"categories":[1,20],"tags":[28,443],"_links":{"self":[{"href":"https:\/\/enlamira.info\/index.php\/wp-json\/wp\/v2\/posts\/21585"}],"collection":[{"href":"https:\/\/enlamira.info\/index.php\/wp-json\/wp\/v2\/posts"}],"about":[{"href":"https:\/\/enlamira.info\/index.php\/wp-json\/wp\/v2\/types\/post"}],"author":[{"embeddable":true,"href":"https:\/\/enlamira.info\/index.php\/wp-json\/wp\/v2\/users\/4"}],"replies":[{"embeddable":true,"href":"https:\/\/enlamira.info\/index.php\/wp-json\/wp\/v2\/comments?post=21585"}],"version-history":[{"count":1,"href":"https:\/\/enlamira.info\/index.php\/wp-json\/wp\/v2\/posts\/21585\/revisions"}],"predecessor-version":[{"id":21586,"href":"https:\/\/enlamira.info\/index.php\/wp-json\/wp\/v2\/posts\/21585\/revisions\/21586"}],"wp:featuredmedia":[{"embeddable":true,"href":"https:\/\/enlamira.info\/index.php\/wp-json\/wp\/v2\/media\/21582"}],"wp:attachment":[{"href":"https:\/\/enlamira.info\/index.php\/wp-json\/wp\/v2\/media?parent=21585"}],"wp:term":[{"taxonomy":"category","embeddable":true,"href":"https:\/\/enlamira.info\/index.php\/wp-json\/wp\/v2\/categories?post=21585"},{"taxonomy":"post_tag","embeddable":true,"href":"https:\/\/enlamira.info\/index.php\/wp-json\/wp\/v2\/tags?post=21585"}],"curies":[{"name":"wp","href":"https:\/\/api.w.org\/{rel}","templated":true}]}}