{"id":21583,"date":"2026-03-11T11:51:10","date_gmt":"2026-03-11T14:51:10","guid":{"rendered":"https:\/\/enlamira.info\/?p=21583"},"modified":"2026-03-11T11:51:10","modified_gmt":"2026-03-11T14:51:10","slug":"otermin-inicio-una-recorrida-por-la-provincia-con-la-mirada-puesta-en-la-gobernacion","status":"publish","type":"post","link":"https:\/\/enlamira.info\/index.php\/2026\/03\/11\/otermin-inicio-una-recorrida-por-la-provincia-con-la-mirada-puesta-en-la-gobernacion\/","title":{"rendered":"Oterm\u00edn inici\u00f3 una recorrida por la Provincia con la mirada puesta en la Gobernaci\u00f3n"},"content":{"rendered":"\n<p>El intendente de Lomas de Zamora y vicepresidente del Partido Justicialista bonaerense, Federico Oterm\u00edn, comenz\u00f3 a visitar distintos distritos del interior provincial. En su agenda, el jefe comunal apunta a articular con consejos partidarios y gestiones municipales.<\/p>\n\n\n\n<p>Oterm\u00edn dio inicio a una serie de recorridas por el interior de la provincia de Buenos Aires, instal\u00e1ndose como uno de los nombres que comienzan a sonar en la carrera por la gobernaci\u00f3n para el 2027.<\/p>\n\n\n\n<p>En los \u00faltimos d\u00edas, el jefe comunal, quien tambi\u00e9n se desempe\u00f1a como vicepresidente del PJ provincial, visit\u00f3 las ciudades de Bah\u00eda Blanca y Carmen de Patagones. Seg\u00fan indicaron desde su entorno, el objetivo de estos viajes es establecer una agenda que incluya encuentros con consejos partidarios locales y articulaci\u00f3n con las gestiones municipales, enfoc\u00e1ndose en el desarrollo de cada distrito.<\/p>\n\n\n\n<p>El intendente de Lomas mostr\u00f3 sus recorridas en sus redes sociales. En Bah\u00eda Blanca, Oterm\u00edn mantuvo un encuentro con el intendente local, Federico Susbielles. Durante la reuni\u00f3n, analizaron pol\u00edticas de reconstrucci\u00f3n tras los fen\u00f3menos clim\u00e1ticos que afectaron a la ciudad. En este sentido, el lomense destac\u00f3 la importancia de las herramientas de coordinaci\u00f3n ante emergencias clim\u00e1ticas, mencionando la experiencia de su propio distrito con la creaci\u00f3n del Comit\u00e9 Operativo de Emergencias.<\/p>\n\n\n\n<p>Posteriormente, el intendente de Lomas de Zamora se traslad\u00f3 hasta Carmen de Patagones, donde particip\u00f3 junto al jefe comunal Ricardo Marino y al presidente de la C\u00e1mara de Diputados bonaerense, Alejandro Dichiara, de los actos por la conmemoraci\u00f3n de la Soberan\u00eda Patag\u00f3nica. All\u00ed, Oterm\u00edn anunci\u00f3 un proyecto educativo para vincular a estudiantes lomenses con la historia de dicha ciudad.<\/p>\n\n\n\n<p>\u201cVinimos desde el sur del conurbano hasta la ciudad m\u00e1s austral de nuestra provincia y, como vicepresidente del Partido Justicialista de la provincia de Buenos Aires, vamos a recorrer los consejos distritales para debatir con los compa\u00f1eros y compa\u00f1eras\u201d, expres\u00f3 Oterm\u00edn durante su visita, y agreg\u00f3: \u201cEs m\u00e1s f\u00e1cil imaginar el fin del mundo que el fin del peronismo\u201d.<\/p>\n\n\n\n<p>Con estos primeros pasos en el interior bonaerense, el nombre de Oterm\u00edn se suma a la lista de posibles candidatos a gobernador por el peronismo, donde tambi\u00e9n se mencionan figuras como Julio Alak y Gabriel Katopodis.<\/p>\n","protected":false},"excerpt":{"rendered":"<p>El intendente de Lomas de Zamora y vicepresidente del Partido Justicialista bonaerense, Federico Oterm\u00edn, comenz\u00f3 a visitar distintos distritos del interior provincial. En su agenda, el jefe comunal apunta a articular con consejos partidarios y gestiones municipales. Oterm\u00edn dio inicio a una serie de recorridas por el interior de la provincia de Buenos Aires, instal\u00e1ndose [&hellip;]<\/p>\n","protected":false},"author":4,"featured_media":21581,"comment_status":"open","ping_status":"open","sticky":false,"template":"","format":"standard","meta":{"footnotes":""},"categories":[1,20],"tags":[28],"_links":{"self":[{"href":"https:\/\/enlamira.info\/index.php\/wp-json\/wp\/v2\/posts\/21583"}],"collection":[{"href":"https:\/\/enlamira.info\/index.php\/wp-json\/wp\/v2\/posts"}],"about":[{"href":"https:\/\/enlamira.info\/index.php\/wp-json\/wp\/v2\/types\/post"}],"author":[{"embeddable":true,"href":"https:\/\/enlamira.info\/index.php\/wp-json\/wp\/v2\/users\/4"}],"replies":[{"embeddable":true,"href":"https:\/\/enlamira.info\/index.php\/wp-json\/wp\/v2\/comments?post=21583"}],"version-history":[{"count":1,"href":"https:\/\/enlamira.info\/index.php\/wp-json\/wp\/v2\/posts\/21583\/revisions"}],"predecessor-version":[{"id":21584,"href":"https:\/\/enlamira.info\/index.php\/wp-json\/wp\/v2\/posts\/21583\/revisions\/21584"}],"wp:featuredmedia":[{"embeddable":true,"href":"https:\/\/enlamira.info\/index.php\/wp-json\/wp\/v2\/media\/21581"}],"wp:attachment":[{"href":"https:\/\/enlamira.info\/index.php\/wp-json\/wp\/v2\/media?parent=21583"}],"wp:term":[{"taxonomy":"category","embeddable":true,"href":"https:\/\/enlamira.info\/index.php\/wp-json\/wp\/v2\/categories?post=21583"},{"taxonomy":"post_tag","embeddable":true,"href":"https:\/\/enlamira.info\/index.php\/wp-json\/wp\/v2\/tags?post=21583"}],"curies":[{"name":"wp","href":"https:\/\/api.w.org\/{rel}","templated":true}]}}