{"id":21576,"date":"2026-03-10T00:01:31","date_gmt":"2026-03-10T03:01:31","guid":{"rendered":"https:\/\/enlamira.info\/?p=21576"},"modified":"2026-03-10T00:01:31","modified_gmt":"2026-03-10T03:01:31","slug":"el-gobierno-bonaerense-anuncio-la-obligatoriedad-de-la-sala-de-3-anos-desde-2027-y-adelanto-la-campana-de-vacunacion-antigripal","status":"publish","type":"post","link":"https:\/\/enlamira.info\/index.php\/2026\/03\/10\/el-gobierno-bonaerense-anuncio-la-obligatoriedad-de-la-sala-de-3-anos-desde-2027-y-adelanto-la-campana-de-vacunacion-antigripal\/","title":{"rendered":"El Gobierno bonaerense anunci\u00f3 la obligatoriedad de la sala de 3 a\u00f1os desde 2027 y adelant\u00f3 la campa\u00f1a de vacunaci\u00f3n antigripal"},"content":{"rendered":"\n<p>El Gobierno de la provincia de Buenos Aires brind\u00f3 este lunes una conferencia de prensa encabezada por el ministro de Gobierno, Carlos Bianco, acompa\u00f1ado por el ministro de Producci\u00f3n, Ciencia e Innovaci\u00f3n Tecnol\u00f3gica, Augusto Costa, y la ministra de Mujeres y Diversidad, Estela D\u00edaz. Durante el encuentro, los funcionarios repasaron medidas en materia educativa y sanitaria, analizaron la situaci\u00f3n econ\u00f3mica de la provincia y cuestionaron pol\u00edticas del Gobierno nacional.<\/p>\n\n\n\n<p>Bianco anunci\u00f3 que la obligatoriedad de la sala de 3 a\u00f1os en el nivel inicial comenzar\u00e1 a regir desde el ciclo lectivo 2027. Seg\u00fan explic\u00f3, la medida busca garantizar una trayectoria educativa completa desde los primeros a\u00f1os hasta el nivel universitario. \u201cTal como fue publicado en el Bolet\u00edn Oficial, la obligatoriedad se har\u00e1 efectiva a partir del ciclo lectivo 2027, garantizando una trayectoria educativa completa para los y las estudiantes bonaerenses desde la sala de 3 a\u00f1os hasta el nivel universitario\u201d, se\u00f1al\u00f3. Actualmente la provincia cuenta con un 87,5% de cobertura en ese nivel y trabaja para alcanzar la totalidad de las vacantes.El ministro tambi\u00e9n inform\u00f3 que la provincia adelantar\u00e1 la campa\u00f1a de vacunaci\u00f3n contra la gripe ante la circulaci\u00f3n de la cepa H3N2. <\/p>\n\n\n\n<p>La campa\u00f1a comenzar\u00e1 el pr\u00f3ximo mi\u00e9rcoles en los vacunatorios p\u00fablicos de los 135 municipios bonaerenses. En una primera etapa estar\u00e1 dirigida al personal de salud, mayores de 65 a\u00f1os, embarazadas y pu\u00e9rperas, adem\u00e1s de personas de entre 2 y 64 a\u00f1os con factores de riesgo.<\/p>\n\n\n\n<p>En el plano laboral, Bianco destac\u00f3 que el Gobierno provincial acord\u00f3 paritarias con los trabajadores estatales. \u201cLa provincia de Buenos Aires acord\u00f3 las paritarias con los trabajadores estatales bonaerenses. La propuesta contempla un total de 9% de aumento: 5% para el mes de marzo y 2,5% para abril, que se suman al 1,5% correspondiente al mes de febrero ya liquidado. El Gobierno bonaerense realiza un esfuerzo muy grande para acompa\u00f1ar a los y las trabajadoras en este contexto tan adverso\u201d, afirm\u00f3.<\/p>\n\n\n\n<p>El funcionario tambi\u00e9n cuestion\u00f3 iniciativas impulsadas por concejales de La Libertad Avanza para limitar o eliminar tasas municipales. \u201cEn la \u00faltima semana se produjo una nueva avanzada de concejales de La Libertad Avanza para restringir o prohibir la aplicaci\u00f3n de tasas municipales. Esto es muy grave, ya que avanza sobre la autonom\u00eda y libertad de cada uno de los municipios\u201d, sostuvo. Y agreg\u00f3 que atribuir la ca\u00edda de la producci\u00f3n a esos tributos \u201ces absolutamente falso\u201d, al responsabilizar a las pol\u00edticas econ\u00f3micas nacionales, la apertura de importaciones y la ca\u00edda del mercado interno.<\/p>\n\n\n\n<p>Por su parte, Augusto Costa present\u00f3 un balance de la temporada tur\u00edstica 2025\/2026 y lo vincul\u00f3 con la situaci\u00f3n econ\u00f3mica general. Seg\u00fan indic\u00f3, la provincia recibi\u00f3 8,7 millones de turistas, lo que representa 421 mil menos que en la temporada anterior y 1,26 millones menos que en el verano 2023\/2024. Adem\u00e1s, la estad\u00eda media cay\u00f3 un 5% y el consumo registr\u00f3 una baja del 24,1%, lo que deriv\u00f3 en una ca\u00edda del 29,4% en los ingresos reales del sector tur\u00edstico.<\/p>\n\n\n\n<p>\u201cEl Gobierno nacional dispuso una competencia desleal para nuestro turismo: tipo de cambio artificial, fomento deliberado de los viajes al exterior y eliminaci\u00f3n de pol\u00edticas de apoyo al turismo interno\u201d, sostuvo Costa, quien asegur\u00f3 que muchas familias no pudieron tomarse vacaciones y que el impacto se sinti\u00f3 con mayor fuerza en destinos frecuentados por sectores medios y populares.<\/p>\n\n\n\n<p>El ministro tambi\u00e9n present\u00f3 indicadores econ\u00f3micos de la provincia. Seg\u00fan detall\u00f3, en 2025 la actividad econ\u00f3mica creci\u00f3 un 2,2% respecto de 2024, aunque todav\u00eda se mantiene 1,5% por debajo de los niveles de 2023. Adem\u00e1s, entre noviembre de 2023 y noviembre de 2025 se perdieron 79.090 empleos y el n\u00famero de empleadores se redujo en 5.498.<\/p>\n\n\n\n<p>Finalmente, la ministra Estela D\u00edaz se refiri\u00f3 a la situaci\u00f3n de las pol\u00edticas de g\u00e9nero y critic\u00f3 el recorte de programas a nivel nacional. \u201cEstamos frente a un Gobierno nacional negacionista, que dice que no existen las desigualdades laborales que afectan a las mujeres, ni las violencias por razones de g\u00e9nero: de las 50 pol\u00edticas que exist\u00edan en Argentina al respecto, quedan solo cuatro y totalmente desfinanciadas\u201d, afirm\u00f3.<\/p>\n\n\n\n<p>La funcionaria sostuvo que las brechas laborales siguen siendo significativas: la inserci\u00f3n laboral de las mujeres alcanza el 53%, frente al 70% de los varones, mientras que la informalidad es del 38% entre mujeres y del 35% entre hombres. Adem\u00e1s, dentro del 10% de los trabajadores de menores ingresos, el 64% son mujeres.<\/p>\n\n\n\n<p>D\u00edaz tambi\u00e9n destac\u00f3 el fortalecimiento de la L\u00ednea 144 en la provincia de Buenos Aires, que brinda atenci\u00f3n en situaciones de violencia de g\u00e9nero. Tras el desfinanciamiento nacional, el sistema provincial comenz\u00f3 a recibir tambi\u00e9n llamadas que antes eran atendidas por Naci\u00f3n en el conurbano bonaerense, lo que provoc\u00f3 un incremento del 160% en las comunicaciones durante el \u00faltimo a\u00f1o. Seg\u00fan indic\u00f3, desde el ministerio trabajan con pol\u00edticas de prevenci\u00f3n, asistencia y acompa\u00f1amiento para garantizar que las mujeres bonaerenses puedan vivir sin violencia.<\/p>\n","protected":false},"excerpt":{"rendered":"<p>El Gobierno de la provincia de Buenos Aires brind\u00f3 este lunes una conferencia de prensa encabezada por el ministro de Gobierno, Carlos Bianco, acompa\u00f1ado por el ministro de Producci\u00f3n, Ciencia e Innovaci\u00f3n Tecnol\u00f3gica, Augusto Costa, y la ministra de Mujeres y Diversidad, Estela D\u00edaz. Durante el encuentro, los funcionarios repasaron medidas en materia educativa y [&hellip;]<\/p>\n","protected":false},"author":4,"featured_media":21572,"comment_status":"open","ping_status":"open","sticky":false,"template":"","format":"standard","meta":{"footnotes":""},"categories":[5],"tags":[],"_links":{"self":[{"href":"https:\/\/enlamira.info\/index.php\/wp-json\/wp\/v2\/posts\/21576"}],"collection":[{"href":"https:\/\/enlamira.info\/index.php\/wp-json\/wp\/v2\/posts"}],"about":[{"href":"https:\/\/enlamira.info\/index.php\/wp-json\/wp\/v2\/types\/post"}],"author":[{"embeddable":true,"href":"https:\/\/enlamira.info\/index.php\/wp-json\/wp\/v2\/users\/4"}],"replies":[{"embeddable":true,"href":"https:\/\/enlamira.info\/index.php\/wp-json\/wp\/v2\/comments?post=21576"}],"version-history":[{"count":1,"href":"https:\/\/enlamira.info\/index.php\/wp-json\/wp\/v2\/posts\/21576\/revisions"}],"predecessor-version":[{"id":21577,"href":"https:\/\/enlamira.info\/index.php\/wp-json\/wp\/v2\/posts\/21576\/revisions\/21577"}],"wp:featuredmedia":[{"embeddable":true,"href":"https:\/\/enlamira.info\/index.php\/wp-json\/wp\/v2\/media\/21572"}],"wp:attachment":[{"href":"https:\/\/enlamira.info\/index.php\/wp-json\/wp\/v2\/media?parent=21576"}],"wp:term":[{"taxonomy":"category","embeddable":true,"href":"https:\/\/enlamira.info\/index.php\/wp-json\/wp\/v2\/categories?post=21576"},{"taxonomy":"post_tag","embeddable":true,"href":"https:\/\/enlamira.info\/index.php\/wp-json\/wp\/v2\/tags?post=21576"}],"curies":[{"name":"wp","href":"https:\/\/api.w.org\/{rel}","templated":true}]}}