{"id":21573,"date":"2026-03-10T00:00:45","date_gmt":"2026-03-10T03:00:45","guid":{"rendered":"https:\/\/enlamira.info\/?p=21573"},"modified":"2026-03-10T00:00:45","modified_gmt":"2026-03-10T03:00:45","slug":"javier-milei-iran-es-el-enemigo-y-vamos-a-ganar-la-guerra","status":"publish","type":"post","link":"https:\/\/enlamira.info\/index.php\/2026\/03\/10\/javier-milei-iran-es-el-enemigo-y-vamos-a-ganar-la-guerra\/","title":{"rendered":"Javier Milei: \u201cIr\u00e1n es el enemigo y vamos a ganar la guerra\u201d"},"content":{"rendered":"\n<p>En el marco de su gira por Estados Unidos, el presidente Javier Milei dio una charla en la Universidad Yeshiva de Nueva York donde se defini\u00f3 como \u201cel presidente m\u00e1s sionista del mundo\u201d y asegur\u00f3: \u201cVamos a ganar la guerra\u201d, en relaci\u00f3n al conflicto en Medio Oriente.<\/p>\n\n\n\n<p>Adem\u00e1s, volvi\u00f3 a remarcar el alineamiento de la Argentina con Estados Unidos e Israel. \u201cNos han metido dos bombas, una en la AMIA y otra en la Embajada de Israel. Por lo tanto, son nuestros enemigos. Pero adem\u00e1s tengo una alianza estrat\u00e9gica con Estados Unidos e Israel. Es incre\u00edble c\u00f3mo el mundo se salv\u00f3 por un cent\u00edmetro y fue esa bala que no le pegaron a Trump\u201d, dijo Milei.<\/p>\n\n\n\n<p>La exposici\u00f3n, en un auditorio de la instituci\u00f3n acad\u00e9mica jud\u00eda ubicada en el barrio de Washington Heights, en Manhattan, dur\u00f3 m\u00e1s de una hora y media. Participaron estudiantes y asistentes que siguieron la presentaci\u00f3n con traducci\u00f3n simult\u00e1nea.<\/p>\n\n\n\n<p>Milei lleg\u00f3 acompa\u00f1ado por la secretaria general de la Presidencia, Karina Milei; el canciller Pablo Quirno y el jefe de Gabinete, Manuel Adorni, que se ubicaron en las primeras filas del auditorio. La actividad form\u00f3 parte de la agenda que el Presidente desarrolla en Estados Unidos para reforzar v\u00ednculos pol\u00edticos y econ\u00f3micos.<\/p>\n\n\n\n<p>La disertaci\u00f3n de Milei tuvo un fuerte componente te\u00f3rico sobre econom\u00eda y filosof\u00eda pol\u00edtica, con referencias a la escuela austr\u00edaca y a su visi\u00f3n sobre el rol del Estado: \u201cHemos decidido dejar de estafar a los argentinos con el impuesto inflacionario. No estaba dispuesto a robarles a los argentinos subi\u00e9ndoles los impuestos\u201d, afirm\u00f3.<\/p>\n\n\n\n<p>En ese contexto, insisti\u00f3 en que su gobierno impulsa reformas estructurales basadas en una convicci\u00f3n moral y defendi\u00f3 el ajuste fiscal aplicado desde el inicio de su gesti\u00f3n.<\/p>\n\n\n\n<p>\u201cLos impuestos son un robo. Nadie paga los impuestos voluntariamente, lo hacen a punta de pistola\u201d, afirm\u00f3 y volvi\u00f3 a cuestionar al socialismo y a las corrientes pol\u00edticas que, seg\u00fan su mirada, promueven un mayor intervencionismo estatal. \u201cProbablemente el fraude m\u00e1s grande de la historia de la humanidad sea el socialismo\u201d, dijo.<\/p>\n\n\n\n<p>En ese marco, reivindic\u00f3 la agenda de reformas econ\u00f3micas de su gesti\u00f3n. \u201cSomos el gobierno m\u00e1s reformista no solo de la Argentina, sino de la historia de la humanidad\u201d, sostuvo. Tambi\u00e9n reiter\u00f3 que su proyecto pol\u00edtico busca consolidar un modelo de libre empresa y menor peso del Estado en la econom\u00eda.<\/p>\n\n\n\n<p>Durante su intervenci\u00f3n, el Presidente ratific\u00f3 su postura internacional frente al conflicto en Medio Oriente y volvi\u00f3 a se\u00f1alar a Ir\u00e1n como un adversario de la Argentina. \u201cMe siento orgulloso de ser el presidente m\u00e1s sionista del mundo\u201d, afirm\u00f3 ante los estudiantes.<\/p>\n\n\n\n<p>En ese marco, defendi\u00f3 el rol de Estados Unidos e Israel en el escenario internacional y pronostic\u00f3 que ambos pa\u00edses terminar\u00e1n imponi\u00e9ndose en el conflicto regional. \u201cNo tengo ninguna duda de que Estados Unidos e Israel van a salir victoriosos de esta situaci\u00f3n\u201d, sostuvo.<\/p>\n\n\n\n<p>Tambi\u00e9n vincul\u00f3 ese escenario con la pol\u00edtica internacional impulsada por el presidente estadounidense Donald Trump. \u201cEs incre\u00edble c\u00f3mo el mundo se salv\u00f3 por un cent\u00edmetro\u201d, reiter\u00f3, en referencia al intento de asesinato que sufri\u00f3 el l\u00edder republicano durante la campa\u00f1a electoral.<\/p>\n","protected":false},"excerpt":{"rendered":"<p>En el marco de su gira por Estados Unidos, el presidente Javier Milei dio una charla en la Universidad Yeshiva de Nueva York donde se defini\u00f3 como \u201cel presidente m\u00e1s sionista del mundo\u201d y asegur\u00f3: \u201cVamos a ganar la guerra\u201d, en relaci\u00f3n al conflicto en Medio Oriente. Adem\u00e1s, volvi\u00f3 a remarcar el alineamiento de la [&hellip;]<\/p>\n","protected":false},"author":4,"featured_media":21571,"comment_status":"open","ping_status":"open","sticky":false,"template":"","format":"standard","meta":{"footnotes":""},"categories":[4],"tags":[],"_links":{"self":[{"href":"https:\/\/enlamira.info\/index.php\/wp-json\/wp\/v2\/posts\/21573"}],"collection":[{"href":"https:\/\/enlamira.info\/index.php\/wp-json\/wp\/v2\/posts"}],"about":[{"href":"https:\/\/enlamira.info\/index.php\/wp-json\/wp\/v2\/types\/post"}],"author":[{"embeddable":true,"href":"https:\/\/enlamira.info\/index.php\/wp-json\/wp\/v2\/users\/4"}],"replies":[{"embeddable":true,"href":"https:\/\/enlamira.info\/index.php\/wp-json\/wp\/v2\/comments?post=21573"}],"version-history":[{"count":1,"href":"https:\/\/enlamira.info\/index.php\/wp-json\/wp\/v2\/posts\/21573\/revisions"}],"predecessor-version":[{"id":21574,"href":"https:\/\/enlamira.info\/index.php\/wp-json\/wp\/v2\/posts\/21573\/revisions\/21574"}],"wp:featuredmedia":[{"embeddable":true,"href":"https:\/\/enlamira.info\/index.php\/wp-json\/wp\/v2\/media\/21571"}],"wp:attachment":[{"href":"https:\/\/enlamira.info\/index.php\/wp-json\/wp\/v2\/media?parent=21573"}],"wp:term":[{"taxonomy":"category","embeddable":true,"href":"https:\/\/enlamira.info\/index.php\/wp-json\/wp\/v2\/categories?post=21573"},{"taxonomy":"post_tag","embeddable":true,"href":"https:\/\/enlamira.info\/index.php\/wp-json\/wp\/v2\/tags?post=21573"}],"curies":[{"name":"wp","href":"https:\/\/api.w.org\/{rel}","templated":true}]}}