{"id":21562,"date":"2026-03-09T00:02:00","date_gmt":"2026-03-09T03:02:00","guid":{"rendered":"https:\/\/enlamira.info\/?p=21562"},"modified":"2026-03-08T18:20:18","modified_gmt":"2026-03-08T21:20:18","slug":"destrozos-e-intento-de-incendio-en-un-tribunal-de-florencio-varela-tras-la-absolucion-de-un-acusado-en-un-juicio-por-un-choque-fatal","status":"publish","type":"post","link":"https:\/\/enlamira.info\/index.php\/2026\/03\/09\/destrozos-e-intento-de-incendio-en-un-tribunal-de-florencio-varela-tras-la-absolucion-de-un-acusado-en-un-juicio-por-un-choque-fatal\/","title":{"rendered":"Destrozos e intento de incendio en un tribunal de Florencio Varela tras la absoluci\u00f3n de un acusado en un juicio por un choque fatal"},"content":{"rendered":"\n<p>Un violento episodio se registr\u00f3 en el Tribunal Oral en lo Criminal N\u00b02 de Florencio Varela luego de que un jurado popular absolviera a un joven acusado por la muerte de una adolescente en un accidente de tr\u00e1nsito. Tras conocerse el veredicto, un grupo de personas atac\u00f3 el edificio judicial, provoc\u00f3 destrozos, dej\u00f3 heridos y gener\u00f3 momentos de tensi\u00f3n entre funcionarios, empleados y jurados que se encontraban en el lugar.<\/p>\n\n\n\n<p>Los incidentes ocurrieron este jueves por la noche, cuando unas 30 personas comenzaron a arrojar piedras contra el tribunal, rompieron ventanas y da\u00f1aron veh\u00edculos estacionados en las inmediaciones. En medio del ataque, tambi\u00e9n intentaron iniciar un incendio dentro del edificio al prender fuego papeles y cortinas a trav\u00e9s de una de las ventanas rotas.<\/p>\n\n\n\n<p>El episodio se desencaden\u00f3 luego de que el jurado popular absolviera a Valentino Perrone, quien hab\u00eda llegado a juicio acusado de provocar la muerte de Maia Spinelli, una adolescente de 17 a\u00f1os que falleci\u00f3 en julio de 2024 tras un violento choque en la intersecci\u00f3n de las avenidas Eva Per\u00f3n y 12 de Octubre.<\/p>\n\n\n\n<p>Durante el proceso judicial, el joven hab\u00eda sido imputado por homicidio con dolo eventual y lesiones leves, adem\u00e1s de otras figuras alternativas vinculadas a homicidio imprudente o culposo. El caso fue analizado bajo el sistema de juicio por jurados, integrado por 12 ciudadanos titulares y seis suplentes que evaluaron las pruebas presentadas por la fiscal\u00eda y la defensa.<\/p>\n\n\n\n<p>En el debate se expuso que el grupo de j\u00f3venes viajaba en el veh\u00edculo con m\u00e1s ocupantes de los permitidos, sin cinturones de seguridad y luego de haber consumido alcohol. El auto conducido por Perrone choc\u00f3 desde atr\u00e1s a otro veh\u00edculo, se desvi\u00f3 hacia el boulevard de la avenida, regres\u00f3 al carril y termin\u00f3 impactando contra el frente de un local comercial. Como consecuencia del siniestro muri\u00f3 Spinelli y los dem\u00e1s ocupantes sufrieron diversas lesiones.<\/p>\n\n\n\n<p>La audiencia finaliz\u00f3 durante la madrugada, cuando el jurado entreg\u00f3 el veredicto en sobre cerrado. La ley establece que, para declarar culpable a un acusado en delitos que no contemplan prisi\u00f3n perpetua, se requieren al menos diez votos afirmativos. Al no alcanzarse esa mayor\u00eda, el acusado fue absuelto.<\/p>\n\n\n\n<p>Tras la lectura del fallo, familiares y allegados de la v\u00edctima reaccionaron con angustia dentro de la sala. Las autoridades judiciales resolvieron desalojar el recinto y, minutos despu\u00e9s, ya en el exterior, un grupo comenz\u00f3 con los ataques contra el edificio.<\/p>\n\n\n\n<p>Durante los incidentes, el juez Santiago Zurzolo recibi\u00f3 un ladrillazo en el pecho y sufri\u00f3 cortes provocados por astillas de vidrio. Adem\u00e1s, se registraron da\u00f1os en veh\u00edculos de funcionarios y jurados, entre ellos dos motos y un autom\u00f3vil.<\/p>\n\n\n\n<p>Una auxiliar letrada del tribunal tambi\u00e9n denunci\u00f3 que su n\u00famero de tel\u00e9fono personal fue difundido en redes sociales y que comenz\u00f3 a recibir amenazas, situaci\u00f3n que ya fue puesta en conocimiento de la fiscal\u00eda.<\/p>\n\n\n\n<p>Tanto los trabajadores judiciales como los funcionarios y jurados permanecieron dentro del edificio durante varios minutos hasta que un importante operativo policial logr\u00f3 controlar la situaci\u00f3n.<\/p>\n\n\n\n<p>Los hechos generaron un fuerte repudio institucional. La Asociaci\u00f3n Judicial Bonaerense (AJB) Quilmes expres\u00f3 su preocupaci\u00f3n por los ataques y reclam\u00f3 medidas urgentes de seguridad para proteger al personal judicial. Tambi\u00e9n pidi\u00f3 la suspensi\u00f3n de t\u00e9rminos procesales hasta que se garanticen condiciones de seguridad.<\/p>\n\n\n\n<p>En la misma l\u00ednea, el Colegio de Magistrados y Funcionarios del Departamento Judicial de Quilmes record\u00f3 que la absoluci\u00f3n fue decisi\u00f3n de un jurado popular y advirti\u00f3 sobre el riesgo de naturalizar hechos de violencia contra el sistema judicial.<\/p>\n\n\n\n<p>Por su parte, la Red de Juezas y Jueces Penales de la Rep\u00fablica Argentina tambi\u00e9n se solidariz\u00f3 con los afectados y alert\u00f3 sobre la gravedad de los ataques, al considerar que generan presiones incompatibles con el funcionamiento democr\u00e1tico de la justicia.<\/p>\n","protected":false},"excerpt":{"rendered":"<p>Un violento episodio se registr\u00f3 en el Tribunal Oral en lo Criminal N\u00b02 de Florencio Varela luego de que un jurado popular absolviera a un joven acusado por la muerte de una adolescente en un accidente de tr\u00e1nsito. Tras conocerse el veredicto, un grupo de personas atac\u00f3 el edificio judicial, provoc\u00f3 destrozos, dej\u00f3 heridos y [&hellip;]<\/p>\n","protected":false},"author":4,"featured_media":21560,"comment_status":"open","ping_status":"open","sticky":false,"template":"","format":"standard","meta":{"footnotes":""},"categories":[1,126],"tags":[28],"_links":{"self":[{"href":"https:\/\/enlamira.info\/index.php\/wp-json\/wp\/v2\/posts\/21562"}],"collection":[{"href":"https:\/\/enlamira.info\/index.php\/wp-json\/wp\/v2\/posts"}],"about":[{"href":"https:\/\/enlamira.info\/index.php\/wp-json\/wp\/v2\/types\/post"}],"author":[{"embeddable":true,"href":"https:\/\/enlamira.info\/index.php\/wp-json\/wp\/v2\/users\/4"}],"replies":[{"embeddable":true,"href":"https:\/\/enlamira.info\/index.php\/wp-json\/wp\/v2\/comments?post=21562"}],"version-history":[{"count":1,"href":"https:\/\/enlamira.info\/index.php\/wp-json\/wp\/v2\/posts\/21562\/revisions"}],"predecessor-version":[{"id":21563,"href":"https:\/\/enlamira.info\/index.php\/wp-json\/wp\/v2\/posts\/21562\/revisions\/21563"}],"wp:featuredmedia":[{"embeddable":true,"href":"https:\/\/enlamira.info\/index.php\/wp-json\/wp\/v2\/media\/21560"}],"wp:attachment":[{"href":"https:\/\/enlamira.info\/index.php\/wp-json\/wp\/v2\/media?parent=21562"}],"wp:term":[{"taxonomy":"category","embeddable":true,"href":"https:\/\/enlamira.info\/index.php\/wp-json\/wp\/v2\/categories?post=21562"},{"taxonomy":"post_tag","embeddable":true,"href":"https:\/\/enlamira.info\/index.php\/wp-json\/wp\/v2\/tags?post=21562"}],"curies":[{"name":"wp","href":"https:\/\/api.w.org\/{rel}","templated":true}]}}