{"id":21557,"date":"2026-03-09T00:01:00","date_gmt":"2026-03-09T03:01:00","guid":{"rendered":"https:\/\/enlamira.info\/?p=21557"},"modified":"2026-03-08T18:18:53","modified_gmt":"2026-03-08T21:18:53","slug":"detuvieron-a-tres-hombres-por-la-muerte-del-motociclista-que-fue-degollado-por-un-cable-en-quilmes","status":"publish","type":"post","link":"https:\/\/enlamira.info\/index.php\/2026\/03\/09\/detuvieron-a-tres-hombres-por-la-muerte-del-motociclista-que-fue-degollado-por-un-cable-en-quilmes\/","title":{"rendered":"Detuvieron a tres hombres por la muerte del motociclista que fue degollado por un cable en Quilmes"},"content":{"rendered":"\n<p>Tres hombres fueron detenidos en el marco de la investigaci\u00f3n por la muerte de un motociclista que impact\u00f3 contra un cable colocado a lo ancho de la calle durante un festejo de carnaval no autorizado en el partido bonaerense de Quilmes. La v\u00edctima, identificada como Federico Mart\u00ednez, ten\u00eda 36 a\u00f1os y circulaba en moto junto a su hijo de 11 cuando ocurri\u00f3 la tragedia.<\/p>\n\n\n\n<p>Los procedimientos fueron realizados por efectivos del Gabinete T\u00e9cnico Operativo de la Comisar\u00eda Quilmes 9\u00b0 en la intersecci\u00f3n de las avenidas 12 de Octubre y Mosconi. Los investigadores lograron identificar a los sospechosos tras distintas tareas de campo y los acusaron de haber participado en la colocaci\u00f3n del cable met\u00e1lico que cruzaba la avenida y que termin\u00f3 provocando la muerte del motociclista.<\/p>\n\n\n\n<p>El hecho ocurri\u00f3 cuando Mart\u00ednez circulaba con su hijo por la avenida 12 de Octubre y choc\u00f3 contra una soga tensada a lo ancho de la calle, instalada para impedir el paso vehicular durante una celebraci\u00f3n de carnaval que no contaba con autorizaci\u00f3n municipal. De acuerdo con la investigaci\u00f3n, el hombre no lleg\u00f3 a advertir el obst\u00e1culo y el impacto le provoc\u00f3 una herida mortal en el cuello. Su hijo, que viajaba detr\u00e1s, logr\u00f3 agacharse y evitar el cable, aunque fue trasladado a un centro de salud donde constataron que sufri\u00f3 lesiones leves.<\/p>\n\n\n\n<p>Las detenciones alcanzaron a tres hombres identificados como H.A., de 41 a\u00f1os, quien dijo ser director de la murga \u201cLos Fabulosos de Quilmes\u201d, adem\u00e1s de G.S., de 31, y V.R.V., de 58, se\u00f1alados como integrantes o representantes de la misma agrupaci\u00f3n. Tras ser aprehendidos fueron trasladados a la dependencia policial y quedaron a disposici\u00f3n de la Justicia.<\/p>\n\n\n\n<p>La causa qued\u00f3 en manos de la fiscal Claudia Vara, titular de la Unidad Funcional de Instrucci\u00f3n N\u00b09 de Quilmes, que investiga el hecho como homicidio culposo mientras se analizan distintos elementos probatorios. Entre ellos, im\u00e1genes de c\u00e1maras de seguridad que registraron el momento del impacto y que permitir\u00e1n establecer detalles clave como la altura a la que estaba colocado el cable, la visibilidad del obst\u00e1culo y la velocidad a la que circulaba la moto.<\/p>\n\n\n\n<p>Adem\u00e1s, la fiscal\u00eda secuestr\u00f3 la motocicleta y otros elementos para realizar pericias t\u00e9cnicas que ayuden a reconstruir la secuencia del hecho. Tambi\u00e9n se analiza la responsabilidad de quienes organizaron el evento, ya que el corte de calle se realiz\u00f3 sin permisos oficiales ni se\u00f1alizaci\u00f3n reglamentaria.<\/p>\n\n\n\n<p>Tras la muerte del motociclista, desde el Centro Murga Los Fabulosos de Quilmes difundieron un comunicado en el que expresaron su pesar por lo ocurrido y aseguraron que colaborar\u00e1n con la investigaci\u00f3n judicial. \u201cQueremos expresar nuestro profundo pesar por lo sucedido. Nos ponemos a total disposici\u00f3n de la Justicia para colaborar en todo lo que sea necesario para esclarecer los hechos\u201d, se\u00f1alaron.<\/p>\n\n\n\n<p>Mientras avanza la investigaci\u00f3n, la Justicia intenta determinar las responsabilidades por la colocaci\u00f3n del cable en la v\u00eda p\u00fablica y si existieron negligencias en la organizaci\u00f3n del festejo que derivaron en la muerte del motociclista.<\/p>\n","protected":false},"excerpt":{"rendered":"<p>Tres hombres fueron detenidos en el marco de la investigaci\u00f3n por la muerte de un motociclista que impact\u00f3 contra un cable colocado a lo ancho de la calle durante un festejo de carnaval no autorizado en el partido bonaerense de Quilmes. La v\u00edctima, identificada como Federico Mart\u00ednez, ten\u00eda 36 a\u00f1os y circulaba en moto junto [&hellip;]<\/p>\n","protected":false},"author":4,"featured_media":21559,"comment_status":"open","ping_status":"open","sticky":false,"template":"","format":"standard","meta":{"footnotes":""},"categories":[1,32],"tags":[28,443],"_links":{"self":[{"href":"https:\/\/enlamira.info\/index.php\/wp-json\/wp\/v2\/posts\/21557"}],"collection":[{"href":"https:\/\/enlamira.info\/index.php\/wp-json\/wp\/v2\/posts"}],"about":[{"href":"https:\/\/enlamira.info\/index.php\/wp-json\/wp\/v2\/types\/post"}],"author":[{"embeddable":true,"href":"https:\/\/enlamira.info\/index.php\/wp-json\/wp\/v2\/users\/4"}],"replies":[{"embeddable":true,"href":"https:\/\/enlamira.info\/index.php\/wp-json\/wp\/v2\/comments?post=21557"}],"version-history":[{"count":1,"href":"https:\/\/enlamira.info\/index.php\/wp-json\/wp\/v2\/posts\/21557\/revisions"}],"predecessor-version":[{"id":21558,"href":"https:\/\/enlamira.info\/index.php\/wp-json\/wp\/v2\/posts\/21557\/revisions\/21558"}],"wp:featuredmedia":[{"embeddable":true,"href":"https:\/\/enlamira.info\/index.php\/wp-json\/wp\/v2\/media\/21559"}],"wp:attachment":[{"href":"https:\/\/enlamira.info\/index.php\/wp-json\/wp\/v2\/media?parent=21557"}],"wp:term":[{"taxonomy":"category","embeddable":true,"href":"https:\/\/enlamira.info\/index.php\/wp-json\/wp\/v2\/categories?post=21557"},{"taxonomy":"post_tag","embeddable":true,"href":"https:\/\/enlamira.info\/index.php\/wp-json\/wp\/v2\/tags?post=21557"}],"curies":[{"name":"wp","href":"https:\/\/api.w.org\/{rel}","templated":true}]}}