{"id":21528,"date":"2026-03-07T00:01:00","date_gmt":"2026-03-07T03:01:00","guid":{"rendered":"https:\/\/enlamira.info\/?p=21528"},"modified":"2026-03-06T00:20:38","modified_gmt":"2026-03-06T03:20:38","slug":"reforma-laboral-la-abogacia-del-estado-presento-la-primera-demanda-colectiva-en-contra","status":"publish","type":"post","link":"https:\/\/enlamira.info\/index.php\/2026\/03\/07\/reforma-laboral-la-abogacia-del-estado-presento-la-primera-demanda-colectiva-en-contra\/","title":{"rendered":"Reforma Laboral: la Abogac\u00eda del Estado present\u00f3 la primera demanda colectiva en contra"},"content":{"rendered":"\n<p>El Gobierno nacional enfrenta un obst\u00e1culo en los tribunales tras la reciente sanci\u00f3n de su paquete legislativo. La Asociaci\u00f3n Gremial de la Abogac\u00eda del Estado impuls\u00f3 formalmente la primera acci\u00f3n judicial contra la Reforma Laboral aprobada recientemente en el Congreso de la Naci\u00f3n.<\/p>\n\n\n\n<p>A trav\u00e9s de esta presentaci\u00f3n, que se configur\u00f3 bajo la figura de una demanda colectiva, la entidad sindical busca cuestionar la constitucionalidad de los m\u00faltiples puntos que integran la normativa impulsada por el Ejecutivo.<\/p>\n\n\n\n<p>Desde la organizaci\u00f3n explicaron los motivos que los llevaron a judicializar el conflicto. \u201cPresentamos una acci\u00f3n de inconstitucionalidad contra la Ley de Modernizaci\u00f3n Laboral\u201d, confirmaron en su comunicado.<\/p>\n\n\n\n<p>Para desmarcarse de las cr\u00edticas que habitualmente lanza el oficialismo contra los gremios, los representantes legales aclararon el enfoque de su reclamo: \u201cNo se trata de una discusi\u00f3n pol\u00edtica. Se trata de una discusi\u00f3n constitucional\u201d.<\/p>\n\n\n\n<p>El eje central de la demanda se sostiene en la protecci\u00f3n de los derechos adquiridos garantizados por la Constituci\u00f3n Nacional Seg\u00fan precisaron desde la Asociaci\u00f3n Gremial, \u201cel art\u00edculo 14 bis de nuestra Constituci\u00f3n protege derechos fundamentales que consideramos se encuentran vulnerados por la legislaci\u00f3n aprobada\u201d.<\/p>\n\n\n\n<p>Esta primera demanda colectiva de los abogados del Estado abre un nuevo frente de tensi\u00f3n para la administraci\u00f3n nacional y se suma a la estrategia de impugnaci\u00f3n general que liderar\u00e1 la Confederaci\u00f3n General del Trabajo (CGT) desde este lunes para frenar los cambios en las condiciones de trabajo.<\/p>\n\n\n\n<p>Tal como adelant\u00f3 la central obrera, su equipo legal tambi\u00e9n acudir\u00e1 a la Justicia para invalidar el nuevo marco normativo alegando que va en contra del principio constitucional de \u201cprogresividad\u201d. Entre los puntos clave que la CGT buscar\u00e1 voltear en los tribunales se destacan:<\/p>\n\n\n\n<p>\u2022 Indemnizaciones: La reducci\u00f3n de la base de c\u00e1lculo y la habilitaci\u00f3n para pagarlas en cuotas.<\/p>\n\n\n\n<p>\u2022 Derecho a huelga: La exigencia de garantizar un 75% de prestaci\u00f3n en los sectores declarados como esenciales.<\/p>\n\n\n\n<p>\u2022 Protestas: La tipificaci\u00f3n de los bloqueos y tomas de establecimientos como infracciones \u201cmuy graves\u201d.<\/p>\n\n\n\n<p>\u2022 Convenios: La eliminaci\u00f3n de la ultraactividad. Es decir, la vigencia de un convenio colectivo tras su vencimiento hasta firmar uno nuevo.<\/p>\n","protected":false},"excerpt":{"rendered":"<p>El Gobierno nacional enfrenta un obst\u00e1culo en los tribunales tras la reciente sanci\u00f3n de su paquete legislativo. La Asociaci\u00f3n Gremial de la Abogac\u00eda del Estado impuls\u00f3 formalmente la primera acci\u00f3n judicial contra la Reforma Laboral aprobada recientemente en el Congreso de la Naci\u00f3n. A trav\u00e9s de esta presentaci\u00f3n, que se configur\u00f3 bajo la figura de [&hellip;]<\/p>\n","protected":false},"author":4,"featured_media":21530,"comment_status":"open","ping_status":"open","sticky":false,"template":"","format":"standard","meta":{"footnotes":""},"categories":[20],"tags":[],"_links":{"self":[{"href":"https:\/\/enlamira.info\/index.php\/wp-json\/wp\/v2\/posts\/21528"}],"collection":[{"href":"https:\/\/enlamira.info\/index.php\/wp-json\/wp\/v2\/posts"}],"about":[{"href":"https:\/\/enlamira.info\/index.php\/wp-json\/wp\/v2\/types\/post"}],"author":[{"embeddable":true,"href":"https:\/\/enlamira.info\/index.php\/wp-json\/wp\/v2\/users\/4"}],"replies":[{"embeddable":true,"href":"https:\/\/enlamira.info\/index.php\/wp-json\/wp\/v2\/comments?post=21528"}],"version-history":[{"count":1,"href":"https:\/\/enlamira.info\/index.php\/wp-json\/wp\/v2\/posts\/21528\/revisions"}],"predecessor-version":[{"id":21529,"href":"https:\/\/enlamira.info\/index.php\/wp-json\/wp\/v2\/posts\/21528\/revisions\/21529"}],"wp:featuredmedia":[{"embeddable":true,"href":"https:\/\/enlamira.info\/index.php\/wp-json\/wp\/v2\/media\/21530"}],"wp:attachment":[{"href":"https:\/\/enlamira.info\/index.php\/wp-json\/wp\/v2\/media?parent=21528"}],"wp:term":[{"taxonomy":"category","embeddable":true,"href":"https:\/\/enlamira.info\/index.php\/wp-json\/wp\/v2\/categories?post=21528"},{"taxonomy":"post_tag","embeddable":true,"href":"https:\/\/enlamira.info\/index.php\/wp-json\/wp\/v2\/tags?post=21528"}],"curies":[{"name":"wp","href":"https:\/\/api.w.org\/{rel}","templated":true}]}}