{"id":21496,"date":"2026-03-08T12:22:08","date_gmt":"2026-03-08T15:22:08","guid":{"rendered":"https:\/\/enlamira.info\/?p=21496"},"modified":"2026-03-08T12:38:49","modified_gmt":"2026-03-08T15:38:49","slug":"gallery-619-un-viaje-sensorial-donde-el-arte-y-el-vecino-se-dan-la-mano","status":"publish","type":"post","link":"https:\/\/enlamira.info\/index.php\/2026\/03\/08\/gallery-619-un-viaje-sensorial-donde-el-arte-y-el-vecino-se-dan-la-mano\/","title":{"rendered":"GALLERY 619: UN VIAJE SENSORIAL DONDE EL ARTE Y EL VECINO SE DAN LA MANO"},"content":{"rendered":"\n<p><strong>Entrar a Gallery 619, en el coraz\u00f3n de San Telmo, no es solo visitar una galer\u00eda; es sumergirse en una experiencia donde cada rinc\u00f3n respira creatividad. Desde los murales de Joe Sorge hasta el arte lum\u00ednico de su bar, el espacio rompe con la frialdad de las galer\u00edas tradicionales para abrazar al artista y al visitante por igual.<\/strong><\/p>\n\n\n\n<hr class=\"wp-block-separator has-alpha-channel-opacity\"\/>\n\n\n\n<p>Caminar por <strong>Carlos Calvo 619<\/strong> es encontrarse con una explosi\u00f3n de color y vida. Como cronista, la primera sensaci\u00f3n es de asombro: estamos rodeados de esculturas y cuadros que parecen cobrar vida bajo efectos lum\u00ednicos dise\u00f1ados con maestr\u00eda. La velada, amenizada por las notas de un saxofonista, nos transporta a un ambiente c\u00e1lido mientras disfrutamos de tragos de autor en una barra que es, en s\u00ed misma, una pieza de dise\u00f1o.<\/p>\n\n\n\n<p>Incluso los espacios m\u00e1s inesperados, como los <strong>toilettes<\/strong>, llevan la impronta inconfundible del artista <strong>Joe Sorge<\/strong>, con murales y arte en el techo que demuestran que aqu\u00ed la est\u00e9tica no descansa.<\/p>\n\n\n\n<figure class=\"wp-block-image size-large\"><img loading=\"lazy\" decoding=\"async\" width=\"1024\" height=\"768\" src=\"https:\/\/enlamira.info\/wp-content\/uploads\/2026\/03\/5a6dfcd8-9921-4f83-abee-d70b397d2bbf-1024x768.jpg\" alt=\"\" class=\"wp-image-21542\" srcset=\"https:\/\/enlamira.info\/wp-content\/uploads\/2026\/03\/5a6dfcd8-9921-4f83-abee-d70b397d2bbf-1024x768.jpg 1024w, https:\/\/enlamira.info\/wp-content\/uploads\/2026\/03\/5a6dfcd8-9921-4f83-abee-d70b397d2bbf-300x225.jpg 300w, https:\/\/enlamira.info\/wp-content\/uploads\/2026\/03\/5a6dfcd8-9921-4f83-abee-d70b397d2bbf-768x576.jpg 768w, https:\/\/enlamira.info\/wp-content\/uploads\/2026\/03\/5a6dfcd8-9921-4f83-abee-d70b397d2bbf-1536x1152.jpg 1536w, https:\/\/enlamira.info\/wp-content\/uploads\/2026\/03\/5a6dfcd8-9921-4f83-abee-d70b397d2bbf.jpg 1600w\" sizes=\"(max-width: 1024px) 100vw, 1024px\" \/><\/figure>\n\n\n\n<h3 class=\"wp-block-heading\">Historias que conmueven: El arte federal<\/h3>\n\n\n\n<p>La apertura de este espacio ha generado historias incre\u00edbles. En la puerta, conoc\u00ed a tres amigas que acompa\u00f1aban a una artista cordobesa. <strong>&#8220;Viajamos ocho horas en el auto con los cuadros, solo para venir a exponer. Es un gusto, luego nos volvemos&#8221;<\/strong>, me contaron con una ilusi\u00f3n que resume el esp\u00edritu de este lugar.<\/p>\n\n\n\n<figure class=\"wp-block-image size-large\"><img loading=\"lazy\" decoding=\"async\" width=\"1024\" height=\"768\" src=\"https:\/\/enlamira.info\/wp-content\/uploads\/2026\/03\/7776f575-e7ab-444c-bab5-2c985f84f79c-1024x768.jpg\" alt=\"\" class=\"wp-image-21545\" srcset=\"https:\/\/enlamira.info\/wp-content\/uploads\/2026\/03\/7776f575-e7ab-444c-bab5-2c985f84f79c-1024x768.jpg 1024w, https:\/\/enlamira.info\/wp-content\/uploads\/2026\/03\/7776f575-e7ab-444c-bab5-2c985f84f79c-300x225.jpg 300w, https:\/\/enlamira.info\/wp-content\/uploads\/2026\/03\/7776f575-e7ab-444c-bab5-2c985f84f79c-768x576.jpg 768w, https:\/\/enlamira.info\/wp-content\/uploads\/2026\/03\/7776f575-e7ab-444c-bab5-2c985f84f79c-1536x1152.jpg 1536w, https:\/\/enlamira.info\/wp-content\/uploads\/2026\/03\/7776f575-e7ab-444c-bab5-2c985f84f79c.jpg 1600w\" sizes=\"(max-width: 1024px) 100vw, 1024px\" \/><\/figure>\n\n\n\n<figure class=\"wp-block-image size-large\"><img loading=\"lazy\" decoding=\"async\" width=\"1024\" height=\"768\" src=\"https:\/\/enlamira.info\/wp-content\/uploads\/2026\/03\/c54e0a89-7041-4eea-9349-36487d3ac57b-1024x768.jpg\" alt=\"\" class=\"wp-image-21546\" srcset=\"https:\/\/enlamira.info\/wp-content\/uploads\/2026\/03\/c54e0a89-7041-4eea-9349-36487d3ac57b-1024x768.jpg 1024w, https:\/\/enlamira.info\/wp-content\/uploads\/2026\/03\/c54e0a89-7041-4eea-9349-36487d3ac57b-300x225.jpg 300w, https:\/\/enlamira.info\/wp-content\/uploads\/2026\/03\/c54e0a89-7041-4eea-9349-36487d3ac57b-768x576.jpg 768w, https:\/\/enlamira.info\/wp-content\/uploads\/2026\/03\/c54e0a89-7041-4eea-9349-36487d3ac57b-1536x1152.jpg 1536w, https:\/\/enlamira.info\/wp-content\/uploads\/2026\/03\/c54e0a89-7041-4eea-9349-36487d3ac57b.jpg 1600w\" sizes=\"(max-width: 1024px) 100vw, 1024px\" \/><\/figure>\n\n\n\n<figure class=\"wp-block-image size-large\"><img loading=\"lazy\" decoding=\"async\" width=\"1024\" height=\"768\" src=\"https:\/\/enlamira.info\/wp-content\/uploads\/2026\/03\/f39c8897-1663-41d7-9ff1-8b7a04ba2acc-1024x768.jpg\" alt=\"\" class=\"wp-image-21540\" srcset=\"https:\/\/enlamira.info\/wp-content\/uploads\/2026\/03\/f39c8897-1663-41d7-9ff1-8b7a04ba2acc-1024x768.jpg 1024w, https:\/\/enlamira.info\/wp-content\/uploads\/2026\/03\/f39c8897-1663-41d7-9ff1-8b7a04ba2acc-300x225.jpg 300w, https:\/\/enlamira.info\/wp-content\/uploads\/2026\/03\/f39c8897-1663-41d7-9ff1-8b7a04ba2acc-768x576.jpg 768w, https:\/\/enlamira.info\/wp-content\/uploads\/2026\/03\/f39c8897-1663-41d7-9ff1-8b7a04ba2acc-1536x1152.jpg 1536w, https:\/\/enlamira.info\/wp-content\/uploads\/2026\/03\/f39c8897-1663-41d7-9ff1-8b7a04ba2acc.jpg 1600w\" sizes=\"(max-width: 1024px) 100vw, 1024px\" \/><\/figure>\n\n\n\n<p><strong>Diego Ferreira<\/strong>, curador de la galer\u00eda, me explicaba que esa es precisamente la misi\u00f3n: <strong>&#8220;La intenci\u00f3n es acercar a los artistas y que se pueda ver y poder mostrar su arte desde ac\u00e1 directamente. Gallery est\u00e1 compuesto por cuatro artistas, entonces sabemos lo que son las trabas de la burocracia. Buscamos darle la mano al artista e invitarlo&#8221;<\/strong>.<\/p>\n\n\n\n<h3 class=\"wp-block-heading\">Postales del &#8220;conurbano profundo&#8221;<\/h3>\n\n\n\n<p>Entre las obras que capturan la mirada se encuentran las de <strong>Bruno Muzzillo<\/strong>, un artista de La Matanza que retrata con maestr\u00eda el &#8220;conurbano profundo&#8221;. Sus cuadros reflejan lo cotidiano: desde el carrito de chorip\u00e1n y los ladrillos huecos sin revocar hasta la mara\u00f1a de cables contra el sol del atardecer. <strong>&#8220;Utilizo todos los elementos que se ven en la calle con un tono m\u00e1s ir\u00f3nico, sat\u00edrico y dram\u00e1tico al mismo tiempo&#8221;<\/strong>, sostiene Muzzillo, quien logra transformar escenas comunes en un lenguaje universal.<\/p>\n\n\n\n<figure class=\"wp-block-image size-large\"><img loading=\"lazy\" decoding=\"async\" width=\"1024\" height=\"768\" src=\"https:\/\/enlamira.info\/wp-content\/uploads\/2026\/03\/d703acd9-6861-40a4-a0a1-335bea3448b4-1024x768.jpg\" alt=\"\" class=\"wp-image-21541\" srcset=\"https:\/\/enlamira.info\/wp-content\/uploads\/2026\/03\/d703acd9-6861-40a4-a0a1-335bea3448b4-1024x768.jpg 1024w, https:\/\/enlamira.info\/wp-content\/uploads\/2026\/03\/d703acd9-6861-40a4-a0a1-335bea3448b4-300x225.jpg 300w, https:\/\/enlamira.info\/wp-content\/uploads\/2026\/03\/d703acd9-6861-40a4-a0a1-335bea3448b4-768x576.jpg 768w, https:\/\/enlamira.info\/wp-content\/uploads\/2026\/03\/d703acd9-6861-40a4-a0a1-335bea3448b4-1536x1152.jpg 1536w, https:\/\/enlamira.info\/wp-content\/uploads\/2026\/03\/d703acd9-6861-40a4-a0a1-335bea3448b4.jpg 1600w\" sizes=\"(max-width: 1024px) 100vw, 1024px\" \/><\/figure>\n\n\n\n<h3 class=\"wp-block-heading\">La pasi\u00f3n y el v\u00e9rtigo de exponer<\/h3>\n\n\n\n<p>En este recorrido tambi\u00e9n nos encontramos con la artista emergente <strong>Ale Ag\u00fcero<\/strong>, quien define la experiencia de exponer como una sensaci\u00f3n de <strong>&#8220;v\u00e9rtigo&#8221;<\/strong>, pero remarca que <strong>&#8220;est\u00e1 bueno poner lo que uno hace y no dejarlo guardado para uno solo&#8221;<\/strong>. Sus obras, cargadas de rojos y pasi\u00f3n, representan la locura del proceso creativo y la influencia de su entorno. Para Ag\u00fcero, el arte es una necesidad vital que le brinda plenitud y libertad: <strong>&#8220;Lo necesito para sentirme viva&#8221;<\/strong>, confiesa la artista, que suele dejar asentar sus cuadros a\u00f1os antes de retomarlos y modificarlos seg\u00fan su evoluci\u00f3n interna.<\/p>\n\n\n\n<figure class=\"wp-block-image size-large\"><img loading=\"lazy\" decoding=\"async\" width=\"768\" height=\"1024\" src=\"https:\/\/enlamira.info\/wp-content\/uploads\/2026\/03\/WhatsApp-Image-2026-03-08-at-10.45.41-768x1024.jpeg\" alt=\"\" class=\"wp-image-21539\" srcset=\"https:\/\/enlamira.info\/wp-content\/uploads\/2026\/03\/WhatsApp-Image-2026-03-08-at-10.45.41-768x1024.jpeg 768w, https:\/\/enlamira.info\/wp-content\/uploads\/2026\/03\/WhatsApp-Image-2026-03-08-at-10.45.41-225x300.jpeg 225w, https:\/\/enlamira.info\/wp-content\/uploads\/2026\/03\/WhatsApp-Image-2026-03-08-at-10.45.41-1152x1536.jpeg 1152w, https:\/\/enlamira.info\/wp-content\/uploads\/2026\/03\/WhatsApp-Image-2026-03-08-at-10.45.41.jpeg 1200w\" sizes=\"(max-width: 768px) 100vw, 768px\" \/><\/figure>\n\n\n\n<p>Por otro Alejandra abre su coraz\u00f2n y nos interpela &#8221; los cuadros son quizas una apuesta a la inmortalidad, de un momento muy intimo del artista, donde muestra al mundo su sentimiendo, su vision y quizas llegue a personas que nunca conoceremos, incluso que nos puede trascender en varias generaciones, es un mensaje al futuro&#8221; <\/p>\n\n\n\n<h3 class=\"wp-block-heading\">El sello de Avellaneda en San Telmo<\/h3>\n\n\n\n<p>Nuestra ciudad dice presente a trav\u00e9s de <strong>Joe Sorge<\/strong>. El muralista, que ha dejado su impronta en cada rinc\u00f3n, nos comentaba feliz: <strong>&#8220;Dieguito Ferreira me invit\u00f3 hace un a\u00f1o cuando todo estaba en veremos y hoy esto es un movimiento cultural. Los invito para el 14 de marzo, la noche de Joe, donde cantaremos los cl\u00e1sicos de La Amada Josefa y lo que pida la gente&#8221;<\/strong>.<\/p>\n\n\n\n<figure class=\"wp-block-video\"><video controls src=\"https:\/\/enlamira.info\/wp-content\/uploads\/2026\/03\/\u2606-Ultima-@gallery619.santelmo-del-2025-con-un-ser-que-admiro-mucho-artista-visual-y-musico-@j.mp4\"><\/video><\/figure>\n\n\n\n<figure class=\"wp-block-image size-large\"><img loading=\"lazy\" decoding=\"async\" width=\"1024\" height=\"768\" src=\"https:\/\/enlamira.info\/wp-content\/uploads\/2026\/03\/8f7ff931-3e14-4ce4-8b6b-c2ba0e9fafc8-1024x768.jpg\" alt=\"\" class=\"wp-image-21543\" srcset=\"https:\/\/enlamira.info\/wp-content\/uploads\/2026\/03\/8f7ff931-3e14-4ce4-8b6b-c2ba0e9fafc8-1024x768.jpg 1024w, https:\/\/enlamira.info\/wp-content\/uploads\/2026\/03\/8f7ff931-3e14-4ce4-8b6b-c2ba0e9fafc8-300x225.jpg 300w, https:\/\/enlamira.info\/wp-content\/uploads\/2026\/03\/8f7ff931-3e14-4ce4-8b6b-c2ba0e9fafc8-768x576.jpg 768w, https:\/\/enlamira.info\/wp-content\/uploads\/2026\/03\/8f7ff931-3e14-4ce4-8b6b-c2ba0e9fafc8-1536x1152.jpg 1536w, https:\/\/enlamira.info\/wp-content\/uploads\/2026\/03\/8f7ff931-3e14-4ce4-8b6b-c2ba0e9fafc8.jpg 1600w\" sizes=\"(max-width: 1024px) 100vw, 1024px\" \/><\/figure>\n\n\n\n<p>Por su parte, la directora <strong>Eugenia Mel\u00edn<\/strong> destac\u00f3 la calidad de nuestros vecinos: <strong>&#8220;En Gallery recibimos tanto a artistas consagrados como emergentes. Las puertas est\u00e1n abiertas para los artistas de Avellaneda, que son muchos y muy buenos&#8221;<\/strong>.<\/p>\n\n\n\n<h3 class=\"wp-block-heading\">Un bar con luz propia y el abrazo del Tango<\/h3>\n\n\n\n<p>El bar tem\u00e1tico, propiedad de <strong>Angelo Qualito<\/strong>, es una joya de <strong>arte lum\u00ednico<\/strong> con mesitas de colores que invitan a quedarse. Pero la oferta no termina en lo visual; el tango tambi\u00e9n tiene su espacio con <strong>Mariel Altobello<\/strong>.<\/p>\n\n\n\n<figure class=\"wp-block-image size-large\"><img loading=\"lazy\" decoding=\"async\" width=\"768\" height=\"1024\" src=\"https:\/\/enlamira.info\/wp-content\/uploads\/2026\/03\/c7d4fce4-b64b-4716-80d7-853828cd034d-768x1024.jpg\" alt=\"\" class=\"wp-image-21544\" srcset=\"https:\/\/enlamira.info\/wp-content\/uploads\/2026\/03\/c7d4fce4-b64b-4716-80d7-853828cd034d-768x1024.jpg 768w, https:\/\/enlamira.info\/wp-content\/uploads\/2026\/03\/c7d4fce4-b64b-4716-80d7-853828cd034d-225x300.jpg 225w, https:\/\/enlamira.info\/wp-content\/uploads\/2026\/03\/c7d4fce4-b64b-4716-80d7-853828cd034d-1152x1536.jpg 1152w, https:\/\/enlamira.info\/wp-content\/uploads\/2026\/03\/c7d4fce4-b64b-4716-80d7-853828cd034d.jpg 1200w\" sizes=\"(max-width: 768px) 100vw, 768px\" \/><\/figure>\n\n\n\n<p>La reconocida profesora, que dar\u00e1 clases los lunes a las 20:00 hs, define nuestra danza como una herramienta de <strong>&#8220;supervivencia del ser humano&#8221;<\/strong>. Para ella, el tango es una <strong>&#8220;experiencia que marca un antes y un despu\u00e9s&#8221;<\/strong>, y su objetivo en Gallery 619 es democratizar este arte para locales y extranjeros por igual.<\/p>\n\n\n\n<p><strong>Gallery 619<\/strong> no es solo una boca de expendio de arte; es un refugio c\u00e1lido, un punto de encuentro federal y una apuesta valiente por la cultura sin distancias.<\/p>\n","protected":false},"excerpt":{"rendered":"<p>Entrar a Gallery 619, en el coraz\u00f3n de San Telmo, no es solo visitar una galer\u00eda; es sumergirse en una experiencia donde cada rinc\u00f3n respira creatividad. Desde los murales de Joe Sorge hasta el arte lum\u00ednico de su bar, el espacio rompe con la frialdad de las galer\u00edas tradicionales para abrazar al artista y al [&hellip;]<\/p>\n","protected":false},"author":4,"featured_media":21546,"comment_status":"open","ping_status":"open","sticky":false,"template":"","format":"standard","meta":{"footnotes":""},"categories":[8,1,15,34],"tags":[2168],"_links":{"self":[{"href":"https:\/\/enlamira.info\/index.php\/wp-json\/wp\/v2\/posts\/21496"}],"collection":[{"href":"https:\/\/enlamira.info\/index.php\/wp-json\/wp\/v2\/posts"}],"about":[{"href":"https:\/\/enlamira.info\/index.php\/wp-json\/wp\/v2\/types\/post"}],"author":[{"embeddable":true,"href":"https:\/\/enlamira.info\/index.php\/wp-json\/wp\/v2\/users\/4"}],"replies":[{"embeddable":true,"href":"https:\/\/enlamira.info\/index.php\/wp-json\/wp\/v2\/comments?post=21496"}],"version-history":[{"count":2,"href":"https:\/\/enlamira.info\/index.php\/wp-json\/wp\/v2\/posts\/21496\/revisions"}],"predecessor-version":[{"id":21549,"href":"https:\/\/enlamira.info\/index.php\/wp-json\/wp\/v2\/posts\/21496\/revisions\/21549"}],"wp:featuredmedia":[{"embeddable":true,"href":"https:\/\/enlamira.info\/index.php\/wp-json\/wp\/v2\/media\/21546"}],"wp:attachment":[{"href":"https:\/\/enlamira.info\/index.php\/wp-json\/wp\/v2\/media?parent=21496"}],"wp:term":[{"taxonomy":"category","embeddable":true,"href":"https:\/\/enlamira.info\/index.php\/wp-json\/wp\/v2\/categories?post=21496"},{"taxonomy":"post_tag","embeddable":true,"href":"https:\/\/enlamira.info\/index.php\/wp-json\/wp\/v2\/tags?post=21496"}],"curies":[{"name":"wp","href":"https:\/\/api.w.org\/{rel}","templated":true}]}}