{"id":21468,"date":"2026-03-04T10:15:45","date_gmt":"2026-03-04T13:15:45","guid":{"rendered":"https:\/\/enlamira.info\/?p=21468"},"modified":"2026-03-04T10:15:45","modified_gmt":"2026-03-04T13:15:45","slug":"joe-sorge-el-regreso-de-un-artista-integral-a-los-escenarios-de-buenos-aires","status":"publish","type":"post","link":"https:\/\/enlamira.info\/index.php\/2026\/03\/04\/joe-sorge-el-regreso-de-un-artista-integral-a-los-escenarios-de-buenos-aires\/","title":{"rendered":"JOE SORGE: EL REGRESO DE UN ARTISTA INTEGRAL A LOS ESCENARIOS DE BUENOS AIRES"},"content":{"rendered":"\n<p><strong>El reconocido m\u00fasico y artista pl\u00e1stico avellanedense, Joe Sorge, se presentar\u00e1 este 14 de marzo en una velada \u00edntima que promete ser un viaje por su vasta trayectoria y su impronta bohemia.<\/strong><\/p>\n\n\n\n<p>Hay nombres que est\u00e1n grabados en la memoria cultural de la zona sur, y el de <strong>Joe Sorge<\/strong> es, sin dudas, uno de ellos. Con una carrera forjada sobre los escenarios y las paredes de Avellaneda, Sorge regresa al pa\u00eds tras una exitosa gira por Europa para reencontrarse con su p\u00fablico en una noche que promete emoci\u00f3n y cercan\u00eda.<\/p>\n\n\n\n<figure class=\"wp-block-image size-full\"><img loading=\"lazy\" decoding=\"async\" width=\"526\" height=\"530\" src=\"https:\/\/enlamira.info\/wp-content\/uploads\/2026\/03\/479936677_24028134330119716_8186654865762617367_n.jpg\" alt=\"\" class=\"wp-image-21469\" srcset=\"https:\/\/enlamira.info\/wp-content\/uploads\/2026\/03\/479936677_24028134330119716_8186654865762617367_n.jpg 526w, https:\/\/enlamira.info\/wp-content\/uploads\/2026\/03\/479936677_24028134330119716_8186654865762617367_n-298x300.jpg 298w, https:\/\/enlamira.info\/wp-content\/uploads\/2026\/03\/479936677_24028134330119716_8186654865762617367_n-150x150.jpg 150w\" sizes=\"(max-width: 526px) 100vw, 526px\" \/><\/figure>\n\n\n\n<h3 class=\"wp-block-heading\">Un recorrido por el Rock y la Canci\u00f3n<\/h3>\n\n\n\n<p>Los memoriosos recordar\u00e1n con nostalgia su paso por <strong>La Maga Josefa<\/strong>, la banda que lo acompa\u00f1\u00f3 durante a\u00f1os y que marc\u00f3 una \u00e9poca en el circuito local. Hoy, con la madurez que dan los a\u00f1os y los viajes, Joe se asienta nuevamente en Argentina para brindar un show donde conviven sus grandes influencias y sus creaciones m\u00e1s personales.<\/p>\n\n\n\n<p>En su repertorio no faltar\u00e1n sus aclamadas interpretaciones de cl\u00e1sicos de <strong>Andr\u00e9s Calamaro<\/strong> y <strong>Joaqu\u00edn Sabina<\/strong>, versiones que ha hecho propias gracias a su particular calidez vocal. Pero tambi\u00e9n habr\u00e1 lugar para su obra autoral, destacando temas como <strong>&#8220;Amarte es mi destino&#8221;<\/strong>, canciones que reflejan su esencia de eterno rom\u00e1ntico y observador de la realidad.<\/p>\n\n\n\n<figure class=\"wp-block-embed is-type-video is-provider-youtube wp-block-embed-youtube wp-embed-aspect-4-3 wp-has-aspect-ratio\"><div class=\"wp-block-embed__wrapper\">\n<iframe loading=\"lazy\" title=\"Amarte es mi destino JOE SORGE \/ DON CHICHO E LA CAMORRA\" width=\"640\" height=\"480\" src=\"https:\/\/www.youtube.com\/embed\/w1APjLxkbe4?feature=oembed\" frameborder=\"0\" allow=\"accelerometer; autoplay; clipboard-write; encrypted-media; gyroscope; picture-in-picture; web-share\" referrerpolicy=\"strict-origin-when-cross-origin\" allowfullscreen><\/iframe>\n<\/div><\/figure>\n\n\n\n<h3 class=\"wp-block-heading\">Pincel y Escenario: Un artista polifac\u00e9tico<\/h3>\n\n\n\n<p>Pero Sorge no solo se expresa a trav\u00e9s de las cuerdas; su talento como <strong>artista pl\u00e1stico<\/strong> ha dejado una marca imborrable en el paisaje urbano. Sus murales, cargados de identidad, decoran numerosos rincones de la zona sur y, en particular, de su querida <strong>Avellaneda<\/strong>, demostrando que para \u00e9l, el arte es una forma de vida que no conoce fronteras entre la m\u00fasica y la pintura.<\/p>\n\n\n\n<figure class=\"wp-block-image size-large\"><img loading=\"lazy\" decoding=\"async\" width=\"1024\" height=\"1010\" src=\"https:\/\/enlamira.info\/wp-content\/uploads\/2026\/03\/584442970_26087633954160348_6724994324749427057_n-1024x1010.jpg\" alt=\"\" class=\"wp-image-21470\" srcset=\"https:\/\/enlamira.info\/wp-content\/uploads\/2026\/03\/584442970_26087633954160348_6724994324749427057_n-1024x1010.jpg 1024w, https:\/\/enlamira.info\/wp-content\/uploads\/2026\/03\/584442970_26087633954160348_6724994324749427057_n-300x296.jpg 300w, https:\/\/enlamira.info\/wp-content\/uploads\/2026\/03\/584442970_26087633954160348_6724994324749427057_n-768x757.jpg 768w, https:\/\/enlamira.info\/wp-content\/uploads\/2026\/03\/584442970_26087633954160348_6724994324749427057_n-1536x1514.jpg 1536w, https:\/\/enlamira.info\/wp-content\/uploads\/2026\/03\/584442970_26087633954160348_6724994324749427057_n.jpg 2048w\" sizes=\"(max-width: 1024px) 100vw, 1024px\" \/><\/figure>\n\n\n\n<h3 class=\"wp-block-heading\">Una cita imperdible en San Telmo<\/h3>\n\n\n\n<p>La cita ser\u00e1 en <strong>Barhol<\/strong> (Carlos Calvo 619, San Telmo), un espacio acogedor y con un servicio de excelencia que se presta como el marco ideal para este reencuentro. Pensando en que nadie se quede afuera, el evento ofrece propuestas gastron\u00f3micas a <strong>precios realmente econ\u00f3micos<\/strong>:<\/p>\n\n\n\n<ul>\n<li><strong>Cena Show ($25.000):<\/strong> Incluye pizza gourmet, bebida, postre, caf\u00e9 y el espect\u00e1culo musical.<\/li>\n\n\n\n<li><strong>Show + Trago ($15.000):<\/strong> Para quienes prefieren disfrutar de la m\u00fasica con una buena copa.<\/li>\n<\/ul>\n\n\n\n<p>Ser\u00e1 una noche m\u00e1gica, de recuerdos y de presente, celebrando la vigencia de uno de los artistas m\u00e1s aut\u00e9nticos de nuestra regi\u00f3n.<\/p>\n\n\n\n<figure class=\"wp-block-image size-large\"><img loading=\"lazy\" decoding=\"async\" width=\"692\" height=\"1024\" src=\"https:\/\/enlamira.info\/wp-content\/uploads\/2026\/03\/73b8cdca-9867-4ce7-9444-0ea4ad745629-692x1024.jpg\" alt=\"\" class=\"wp-image-21471\" srcset=\"https:\/\/enlamira.info\/wp-content\/uploads\/2026\/03\/73b8cdca-9867-4ce7-9444-0ea4ad745629-692x1024.jpg 692w, https:\/\/enlamira.info\/wp-content\/uploads\/2026\/03\/73b8cdca-9867-4ce7-9444-0ea4ad745629-203x300.jpg 203w, https:\/\/enlamira.info\/wp-content\/uploads\/2026\/03\/73b8cdca-9867-4ce7-9444-0ea4ad745629-768x1136.jpg 768w, https:\/\/enlamira.info\/wp-content\/uploads\/2026\/03\/73b8cdca-9867-4ce7-9444-0ea4ad745629-1038x1536.jpg 1038w, https:\/\/enlamira.info\/wp-content\/uploads\/2026\/03\/73b8cdca-9867-4ce7-9444-0ea4ad745629.jpg 1080w\" sizes=\"(max-width: 692px) 100vw, 692px\" \/><\/figure>\n\n\n\n<hr class=\"wp-block-separator has-alpha-channel-opacity\"\/>\n\n\n\n<h3 class=\"wp-block-heading\">\ud83d\udcc5 Datos del Evento:<\/h3>\n\n\n\n<ul>\n<li><strong>Fecha:<\/strong> 14 de marzo &#8211; 21:00 hs.<\/li>\n\n\n\n<li><strong>Lugar:<\/strong> BARHOL (Carlos Calvo 619, San Telmo).<\/li>\n\n\n\n<li><strong>Reservas e info:<\/strong> 1168740787.<\/li>\n\n\n\n<li><strong>Capacidad limitada.<\/strong><\/li>\n<\/ul>\n","protected":false},"excerpt":{"rendered":"<p>El reconocido m\u00fasico y artista pl\u00e1stico avellanedense, Joe Sorge, se presentar\u00e1 este 14 de marzo en una velada \u00edntima que promete ser un viaje por su vasta trayectoria y su impronta bohemia. Hay nombres que est\u00e1n grabados en la memoria cultural de la zona sur, y el de Joe Sorge es, sin dudas, uno de [&hellip;]<\/p>\n","protected":false},"author":4,"featured_media":0,"comment_status":"open","ping_status":"open","sticky":false,"template":"","format":"standard","meta":{"footnotes":""},"categories":[8,1,15,5,34],"tags":[2158],"_links":{"self":[{"href":"https:\/\/enlamira.info\/index.php\/wp-json\/wp\/v2\/posts\/21468"}],"collection":[{"href":"https:\/\/enlamira.info\/index.php\/wp-json\/wp\/v2\/posts"}],"about":[{"href":"https:\/\/enlamira.info\/index.php\/wp-json\/wp\/v2\/types\/post"}],"author":[{"embeddable":true,"href":"https:\/\/enlamira.info\/index.php\/wp-json\/wp\/v2\/users\/4"}],"replies":[{"embeddable":true,"href":"https:\/\/enlamira.info\/index.php\/wp-json\/wp\/v2\/comments?post=21468"}],"version-history":[{"count":1,"href":"https:\/\/enlamira.info\/index.php\/wp-json\/wp\/v2\/posts\/21468\/revisions"}],"predecessor-version":[{"id":21472,"href":"https:\/\/enlamira.info\/index.php\/wp-json\/wp\/v2\/posts\/21468\/revisions\/21472"}],"wp:attachment":[{"href":"https:\/\/enlamira.info\/index.php\/wp-json\/wp\/v2\/media?parent=21468"}],"wp:term":[{"taxonomy":"category","embeddable":true,"href":"https:\/\/enlamira.info\/index.php\/wp-json\/wp\/v2\/categories?post=21468"},{"taxonomy":"post_tag","embeddable":true,"href":"https:\/\/enlamira.info\/index.php\/wp-json\/wp\/v2\/tags?post=21468"}],"curies":[{"name":"wp","href":"https:\/\/api.w.org\/{rel}","templated":true}]}}