{"id":2139,"date":"2024-03-27T11:49:02","date_gmt":"2024-03-27T14:49:02","guid":{"rendered":"https:\/\/enlamira.info\/?p=2139"},"modified":"2024-03-27T11:56:22","modified_gmt":"2024-03-27T14:56:22","slug":"lula-y-petro-se-distancian-de-maduro-en-medio-del-escandalo-electoral-en-venezuela","status":"publish","type":"post","link":"https:\/\/enlamira.info\/index.php\/2024\/03\/27\/lula-y-petro-se-distancian-de-maduro-en-medio-del-escandalo-electoral-en-venezuela\/","title":{"rendered":"Lula y Petro se distancian de Maduro en medio del esc\u00e1ndalo electoral en Venezuela"},"content":{"rendered":"\n<p>Los presidentes de Brasil y Colombia cuestionaron la actitud del mandatario venezolano de no permitir la postulaci\u00f3n de su \u00fanica competidora por la presidencia, Corina Yoris.<\/p>\n\n\n\n<p>El esc\u00e1ndalo electoral en\u00a0Venezuela\u00a0es cada vez mayor, luego de que la \u00fanica candidata opositora a\u00a0Nicol\u00e1s Maduro\u00a0la historiadora,\u00a0Corina Yoris, no pudo inscribirse para competir en la carrera presidencial.<\/p>\n\n\n\n<p>La maniobra que no permiti\u00f3 que el\u00a0Consejo Nacional Electoral\u00a0registrara la postulaci\u00f3n de la\u00a0alianza pol\u00edtica\u00a0Plataforma Unitaria Democr\u00e1tica\u00a0(PUD), para enfrentar al chavista que busca ser reelecto por otros seis a\u00f1os al mando del Gobierno venezolano, fue fuertemente cuestionada por varios referentes.<\/p>\n\n\n\n<p>Incluso los aliados a Maduro, como los presidentes de\u00a0Brasil, Lula Da Silva, y de Colombia, Gustavo Petro, se refirieron al tema como un grave hecho antidemocr\u00e1tico por parte del venezolano.<\/p>\n\n\n\n<p>\u201cSobre la base de las informaciones disponibles, se observa que la candidata indicada por la Plataforma Unitaria, fuerza pol\u00edtica de oposici\u00f3n, y sobre la cual no pesaban decisiones judiciales,\u00a0fue impedida de registrarse, lo cual no es compatible con los acuerdos de Barbados\u201d, se\u00f1al\u00f3 a trav\u00e9s de un comunicado oficial\u00a0la administraci\u00f3n\u00a0brasile\u00f1a.<\/p>\n\n\n\n<p>Por su parte, desde\u00a0el gobierno\u00a0de Petro se\u00f1alaron: \u201cColombia expresa su preocupaci\u00f3n por los recientes acontecimientos acaecidos con ocasi\u00f3n de la inscripci\u00f3n de algunas candidaturas presidenciales,\u00a0particularmente en lo relativo a las dificultades que enfrentaron sectores mayoritarios de oposici\u00f3n como la Plataforma Unitaria Democr\u00e1tica (PUD) y el Movimiento Vente Venezuela, entre otros\u201d.<\/p>\n\n\n\n<p>\u201cAfectar la confianza de algunos sectores de la comunidad internacional en la transparencia\u00a0y competitividad del proceso electoral que culminar\u00e1 con las elecciones presidenciales del pr\u00f3ximo 28 de julio\u201d, concluye el documento oficial del pa\u00eds vecino a Venezuela.<\/p>\n\n\n\n<p>Los pronunciamientos llegan despu\u00e9s de la manifestaci\u00f3n p\u00fablica de\u00a0Argentina, Costa Rica, Ecuador, Guatemala, Paraguay, Per\u00fa y Uruguay,\u00a0que expresaron su \u201cgrave preocupaci\u00f3n\u201d por los intentos de excluir a la principal alianza opositora de las elecciones, lo que finalmente termin\u00f3 sucediendo.<\/p>\n","protected":false},"excerpt":{"rendered":"<p>Los presidentes de Brasil y Colombia cuestionaron la actitud del mandatario venezolano de no permitir la postulaci\u00f3n de su \u00fanica competidora por la presidencia, Corina Yoris. El esc\u00e1ndalo electoral en\u00a0Venezuela\u00a0es cada vez mayor, luego de que la \u00fanica candidata opositora a\u00a0Nicol\u00e1s Maduro\u00a0la historiadora,\u00a0Corina Yoris, no pudo inscribirse para competir en la carrera presidencial. La maniobra [&hellip;]<\/p>\n","protected":false},"author":2,"featured_media":2141,"comment_status":"open","ping_status":"open","sticky":false,"template":"","format":"standard","meta":{"footnotes":""},"categories":[30],"tags":[],"_links":{"self":[{"href":"https:\/\/enlamira.info\/index.php\/wp-json\/wp\/v2\/posts\/2139"}],"collection":[{"href":"https:\/\/enlamira.info\/index.php\/wp-json\/wp\/v2\/posts"}],"about":[{"href":"https:\/\/enlamira.info\/index.php\/wp-json\/wp\/v2\/types\/post"}],"author":[{"embeddable":true,"href":"https:\/\/enlamira.info\/index.php\/wp-json\/wp\/v2\/users\/2"}],"replies":[{"embeddable":true,"href":"https:\/\/enlamira.info\/index.php\/wp-json\/wp\/v2\/comments?post=2139"}],"version-history":[{"count":2,"href":"https:\/\/enlamira.info\/index.php\/wp-json\/wp\/v2\/posts\/2139\/revisions"}],"predecessor-version":[{"id":2143,"href":"https:\/\/enlamira.info\/index.php\/wp-json\/wp\/v2\/posts\/2139\/revisions\/2143"}],"wp:featuredmedia":[{"embeddable":true,"href":"https:\/\/enlamira.info\/index.php\/wp-json\/wp\/v2\/media\/2141"}],"wp:attachment":[{"href":"https:\/\/enlamira.info\/index.php\/wp-json\/wp\/v2\/media?parent=2139"}],"wp:term":[{"taxonomy":"category","embeddable":true,"href":"https:\/\/enlamira.info\/index.php\/wp-json\/wp\/v2\/categories?post=2139"},{"taxonomy":"post_tag","embeddable":true,"href":"https:\/\/enlamira.info\/index.php\/wp-json\/wp\/v2\/tags?post=2139"}],"curies":[{"name":"wp","href":"https:\/\/api.w.org\/{rel}","templated":true}]}}