{"id":2134,"date":"2024-03-27T11:47:42","date_gmt":"2024-03-27T14:47:42","guid":{"rendered":"https:\/\/enlamira.info\/?p=2134"},"modified":"2024-03-27T11:57:24","modified_gmt":"2024-03-27T14:57:24","slug":"javier-milei-confirmo-que-se-daran-de-baja-70-mil-contratos-de-empleados-publicos","status":"publish","type":"post","link":"https:\/\/enlamira.info\/index.php\/2024\/03\/27\/javier-milei-confirmo-que-se-daran-de-baja-70-mil-contratos-de-empleados-publicos\/","title":{"rendered":"Javier Milei confirm\u00f3 que se dar\u00e1n de baja 70 mil contratos de empleados p\u00fablicos"},"content":{"rendered":"\n<p>En el marco del Foro Econ\u00f3mico Internacional de las Am\u00e9ricas, el Presidente analiz\u00f3 el rumbo que est\u00e1 tomando el pa\u00eds y anticip\u00f3 medidas que van en sinton\u00eda con el objetivo de lograr el d\u00e9ficit cero.<\/p>\n\n\n\n<p>Este martes,\u00a0Javier Milei\u00a0brind\u00f3 un contundente discurso en el\u00a0Foro Econ\u00f3mico Internacional de las Am\u00e9ricas\u00a0en el Hotel Four Seasons de la ciudad de Buenos Aires. En este marco, el presidente de la Naci\u00f3n analiz\u00f3 el rumbo que est\u00e1 tomando el pa\u00eds y\u00a0anticip\u00f3\u00a0una serie de medidas que incluyen el cese de\u00a070 mil contratos de empleados p\u00fablicos.<\/p>\n\n\n\n<p>\u201cQue un liberal libertario y que abiertamente lo dice, llegue al poder es porque justamente la situaci\u00f3n no iba a ser f\u00e1cil, nos iban a dejar las cosas bien dif\u00edcil porque si no seguir\u00edan ganando los populistas\u201d, comenz\u00f3 expresando el presidente de la Naci\u00f3n en su discurso.<\/p>\n\n\n\n<p>Y agreg\u00f3:\u00a0\u201cNosotros siempre estuvimos preparados para recibir esta papa caliente y eso lo pueden ver porque si no hubi\u00e9ramos tomado medidas r\u00e1pidas, ya habr\u00edamos volado por los aires varias veces\u201d.<\/p>\n\n\n\n<p>En esta l\u00ednea, Milei apunt\u00f3: \u201cCuando ustedes estudian la literatura de indicadores tempranos de crisis, cuando tienen d\u00e9ficit gemelo por 4 puntos del PBI, es una alerta amarilla, si tienen 8 puntos del PBI se van a pegar una pi\u00f1a importante.\u00a0Nosotros recibimos de herencia, d\u00e9ficit gemelos por 17 puntos del PBI, m\u00e1s o menos para que tengan un orden del desastre que hemos recibido\u201d.<\/p>\n\n\n\n<p>A continuaci\u00f3n, el mandatario libertario confirm\u00f3 que en los pr\u00f3ximos d\u00edas, el Gobierno nacional dar\u00e1 de baja cerca de 70 mil\u00a0contratos\u00a0de empleados p\u00fablicos que no se renovar\u00e1n a partir del 31 de marzo.\u00a0<\/p>\n\n\n\n<p>\u201cEliminamos las transferencias discrecionales a las provincias, tambi\u00e9n echamos 50.000 empleados p\u00fablicos, no solo eso, sino que adem\u00e1s se dieron de baja contratos, f\u00edjense que ahora est\u00e1n cayendo m\u00e1s contratos y van a caer 70.000 contratos\u201d, sentenci\u00f3.<\/p>\n\n\n\n<p>\u201cEliminamos 200.000 programas sociales entregados de manera irregular y en ning\u00fan momento descuidamos la pol\u00edtica social porque, en el medio, duplicamos la AUH, duplicamos la tarjeta alimentar, multiplicamos por tres la asistencia en el plan mil d\u00edas, o sea, las mujeres embarazadas\u201d, sigui\u00f3.<\/p>\n\n\n\n<p>Y concluy\u00f3: \u201cAdem\u00e1s, cuadruplicamos la asistencia para \u00fatiles escolares y creamos un mecanismo para que las familias de ingresos medios que van a los colegios privados de cuotas bajas, b\u00e1sicamente tuvieran un mecanismo de contenci\u00f3n para que los chicos no perdieran el colegio al que asist\u00edan y no tener que estar sufriendo el shock de estar cambiando de colegio. Es decir, tambi\u00e9n tuvimos una fuerte perspectiva social en lo que estamos haciendo\u201d.<\/p>\n\n\n\n<p>Las declaraciones de Javier Milei se dan tras la\u00a0<a href=\"https:\/\/www.nexofin.com\/notas\/1137886-la-nueva-advertencia-del-fmi-a-la-argentina-es-importante-mejorar-la-calidad-del-ajuste-fiscal-no-la-cantidad-n-\/\" target=\"_blank\" rel=\"noreferrer noopener\">advertencia que el Gobierno recibi\u00f3 esta ma\u00f1ana por parte del Fondo Monetario Internacional (FMI)<\/a>. El director del Departamento del Hemisferio Occidental, Rodrigo Vald\u00e9s, hab\u00eda destacado los avances del plan de ajuste libertario pero tambi\u00e9n enfatiz\u00f3 en que este \u201crequiere implementaci\u00f3n pol\u00edtica\u201d.\u00a0\u201cEs muy importante continuar mejorando la calidad del orden fiscal. Y enfatizo esto:\u00a0la calidad y no la cantidad\u201d, remarc\u00f3.<\/p>\n\n\n\n<p>Por otro lado, Vald\u00e9s se refiri\u00f3 a la posible salida del cepo, e hizo hincapi\u00e9 en que \u201cla eliminaci\u00f3n de los controles de capitales tiene que ser cuidadosamente calibrado\u201d. Finalmente, en nombre del FMI, expres\u00f3: \u201cRatificamos nuestro involucramiento con las autoridades, que es profundo y sostenido. Nos enfocamos en temas t\u00e9cnicos que ayuden a recomponer la estabilidad macroecon\u00f3mica\u201d.<\/p>\n\n\n\n<p>En respuesta, el vocero presidencial, Manuel Adorni remarc\u00f3 que la\u00a0visi\u00f3n del FMI \u201ces inexacta\u201d\u00a0ya que \u201clos sectores m\u00e1s cuidados y m\u00e1s protegidos son los m\u00e1s pobres\u201d. Asimismo, desde el oficialismo remarcaron que, en los 100 d\u00edas de gesti\u00f3n, es cuando m\u00e1s se han dado incrementos en asistencia social.<\/p>\n\n\n\n<p>\u201cDe\u00a0que nos olvidamos de los m\u00e1s pobres, si esa fue la definici\u00f3n, fue absolutamente inexacta.\u00a0Estamos cumpliendo con el esquema del FMI a rajatabla.\u00a0En la pr\u00f3xima revisi\u00f3n va a quedar a la vista que efectivamente despu\u00e9s de mucho tiempo no vamos a pasar verg\u00fcenza\u201d, agreg\u00f3 el funcionario.<\/p>\n","protected":false},"excerpt":{"rendered":"<p>En el marco del Foro Econ\u00f3mico Internacional de las Am\u00e9ricas, el Presidente analiz\u00f3 el rumbo que est\u00e1 tomando el pa\u00eds y anticip\u00f3 medidas que van en sinton\u00eda con el objetivo de lograr el d\u00e9ficit cero. Este martes,\u00a0Javier Milei\u00a0brind\u00f3 un contundente discurso en el\u00a0Foro Econ\u00f3mico Internacional de las Am\u00e9ricas\u00a0en el Hotel Four Seasons de la ciudad [&hellip;]<\/p>\n","protected":false},"author":2,"featured_media":2136,"comment_status":"open","ping_status":"open","sticky":false,"template":"","format":"standard","meta":{"footnotes":""},"categories":[20],"tags":[],"_links":{"self":[{"href":"https:\/\/enlamira.info\/index.php\/wp-json\/wp\/v2\/posts\/2134"}],"collection":[{"href":"https:\/\/enlamira.info\/index.php\/wp-json\/wp\/v2\/posts"}],"about":[{"href":"https:\/\/enlamira.info\/index.php\/wp-json\/wp\/v2\/types\/post"}],"author":[{"embeddable":true,"href":"https:\/\/enlamira.info\/index.php\/wp-json\/wp\/v2\/users\/2"}],"replies":[{"embeddable":true,"href":"https:\/\/enlamira.info\/index.php\/wp-json\/wp\/v2\/comments?post=2134"}],"version-history":[{"count":2,"href":"https:\/\/enlamira.info\/index.php\/wp-json\/wp\/v2\/posts\/2134\/revisions"}],"predecessor-version":[{"id":2138,"href":"https:\/\/enlamira.info\/index.php\/wp-json\/wp\/v2\/posts\/2134\/revisions\/2138"}],"wp:featuredmedia":[{"embeddable":true,"href":"https:\/\/enlamira.info\/index.php\/wp-json\/wp\/v2\/media\/2136"}],"wp:attachment":[{"href":"https:\/\/enlamira.info\/index.php\/wp-json\/wp\/v2\/media?parent=2134"}],"wp:term":[{"taxonomy":"category","embeddable":true,"href":"https:\/\/enlamira.info\/index.php\/wp-json\/wp\/v2\/categories?post=2134"},{"taxonomy":"post_tag","embeddable":true,"href":"https:\/\/enlamira.info\/index.php\/wp-json\/wp\/v2\/tags?post=2134"}],"curies":[{"name":"wp","href":"https:\/\/api.w.org\/{rel}","templated":true}]}}