{"id":2129,"date":"2024-03-27T11:46:23","date_gmt":"2024-03-27T14:46:23","guid":{"rendered":"https:\/\/enlamira.info\/?p=2129"},"modified":"2024-03-27T11:58:41","modified_gmt":"2024-03-27T14:58:41","slug":"el-gobierno-nacional-exigio-que-nicolas-maduro-convoque-elecciones-democraticas-en-venezuela","status":"publish","type":"post","link":"https:\/\/enlamira.info\/index.php\/2024\/03\/27\/el-gobierno-nacional-exigio-que-nicolas-maduro-convoque-elecciones-democraticas-en-venezuela\/","title":{"rendered":"El Gobierno nacional exigi\u00f3 que Nicol\u00e1s Maduro convoque elecciones democr\u00e1ticas en Venezuela"},"content":{"rendered":"\n<p>A trav\u00e9s de un comunicado, el gobierno de Javier Milei denunci\u00f3 un sabotaje a la embajada argentina en Caracas.<\/p>\n\n\n\n<p>En un contexto de crecientes tensiones pol\u00edticas en Venezuela, el gobierno argentino ha tomado una postura contundente al\u00a0exigir al r\u00e9gimen de\u00a0Nicol\u00e1s Maduro\u00a0la convocatoria de elecciones libres, transparentes y democr\u00e1ticas.\u00a0<\/p>\n\n\n\n<p>Esta demanda acompa\u00f1a la decisi\u00f3n de la Argentina de brindar refugio a un grupo de seis l\u00edderes opositores venezolanos, quienes actualmente se encuentran en la residencia oficial del embajador argentino en Caracas.<\/p>\n\n\n\n<p>Este lunes, el\u00a0Ejecutivo\u00a0expres\u00f3 su preocupaci\u00f3n a trav\u00e9s de un comunicado oficial, denunciando el\u00a0\u201cdeterioro de la situaci\u00f3n institucional y los actos de hostigamiento y persecuci\u00f3n dirigidos contra figuras pol\u00edticas de Venezuela\u201d.<\/p>\n\n\n\n<p>En este contexto, el Gobierno denunci\u00f3 la interrupci\u00f3n del servicio el\u00e9ctrico en la sede diplom\u00e1tica cometido por fuerzas de choque que responden al l\u00edder chavista. Adem\u00e1s, advirti\u00f3 al gobierno de\u00a0Caracas\u00a0sobre \u201ccualquier acci\u00f3n que ponga en peligro la seguridad del personal diplom\u00e1tico\u201d de la delegaci\u00f3n argentina.<\/p>\n\n\n\n<p>El pronunciamiento del Estado argentino ocurre tras el impedimento de la inscripci\u00f3n de la candidata Corina Yoris por parte del Consejo Nacional Electoral (CNE) venezolano para las elecciones programadas para el 28 de julio.<\/p>\n\n\n\n<p>\u201cCon el respaldo de la inviolabilidad consagrada en el art\u00edculo 22 de la Convenci\u00f3n de Viena sobre Relaciones Diplom\u00e1ticas, de la cual ambas naciones, Argentina y Venezuela, son signatarias, ha acogido a l\u00edderes pol\u00edticos de la oposici\u00f3n en la residencia oficial del embajador argentino en Caracas\u201d, indic\u00f3 el comunicado oficial.<\/p>\n\n\n\n<p>Los refugiados en la embajada argentina en Caracas ser\u00edan Pedro Urruchurtu, Magall\u00ed Meda, Humberto Villalobos, Claudia Macero, Omar Gonz\u00e1lez y un sexto dirigente cuyo nombre a\u00fan no trascendi\u00f3. A su vez, todos los protegidos por el gobierno argentino pertenecen a la coalici\u00f3n opositora Plataforma Unitaria Democr\u00e1tica (PUD), liderada por Mar\u00eda Corina Machado.<\/p>\n\n\n\n<p>Los dirigentes ingresaron al establecimiento hace cinco d\u00edas y, desde ese momento, fueron resguardados por la administraci\u00f3n de Milei.&nbsp;<\/p>\n\n\n\n<p>Tras el corte deliberado de luz causado por militantes que responden a Maduro, el presidente apel\u00f3 al art\u00edculo 22 de la Convenci\u00f3n de Viena para exigir al r\u00e9gimen populista que respete las normas de convivencia entre dos estados que mantienen v\u00ednculos diplom\u00e1ticos.<\/p>\n\n\n\n<p>Dicho art\u00edculo establece:<\/p>\n\n\n\n<p>\u201c1. Los locales de la misi\u00f3n son inviolables. Los agentes del Estado receptor no podr\u00e1n penetrar en ellos sin consentimiento del jefe de la misi\u00f3n.<\/p>\n\n\n\n<p>2. El Estado receptor tiene la obligaci\u00f3n especial de adoptar todas las medidas adecuadas para proteger los locales de la misi\u00f3n contra toda intrusi\u00f3n o da\u00f1o y evitar que se turbe la tranquilidad de la misi\u00f3n o se atente contra su dignidad.<\/p>\n\n\n\n<p>3. Los locales de la misi\u00f3n, su mobiliario y dem\u00e1s bienes situados en ellos, as\u00ed como los medios de transporte de la misi\u00f3n, no podr\u00e1n ser objeto de ning\u00fan registro, requisa, embargo o medida de ejecuci\u00f3n\u201d.<\/p>\n\n\n\n<p>El comunicado oficial emitido por la Canciller\u00eda, tras varias revisiones entre Javier Milei, Nicol\u00e1s Posse, y Diana Mondino, refleja un claro posicionamiento pol\u00edtico. De hecho, no fue casualidad que al finalizar el comunicado se haya utilizado el adjetivo \u201csocialista\u201d para referirse a Nicol\u00e1s Maduro.&nbsp;<\/p>\n\n\n\n<p>\u201cFinalmente, el Presidente Javier Milei insta al socialista Nicol\u00e1s Maduro a asegurar la seguridad y bienestar del pueblo venezolano, as\u00ed como a convocar a elecciones transparentes, libres, democr\u00e1ticas y competitivas, sin proscripciones de ning\u00fan tipo\u201d, sostiene el \u00faltimo p\u00e1rrafo del escrito.\u00a0<\/p>\n\n\n\n<p>Desde esta posici\u00f3n pol\u00edtica, la Canciller\u00eda har\u00e1 lo necesario para proteger la vida y seguridad de los seis refugiados, planificando una estrategia diplom\u00e1tica para facilitar su salida de Caracas hacia Buenos Aires, lo que tambi\u00e9n ser\u00e1 una tarea desafiante ante un Maduro en campa\u00f1a electoral y reacio a ceder a presiones externas.<\/p>\n\n\n\n<p>El contexto electoral en\u00a0Venezuela\u00a0muestra una clara intenci\u00f3n del r\u00e9gimen de asegurar la reelecci\u00f3n de Maduro mediante la proscripci\u00f3n de l\u00edderes opositores y el bloqueo de un control institucional ejercido por Organizaciones No Gubernamentales (ONG) que pugnan por la transparencia electoral.<\/p>\n\n\n\n<p>La principal coalici\u00f3n opositora Plataforma Unitaria Democr\u00e1tica (PUD) denunci\u00f3 impedimentos para acceder al sistema e inscribir a su candidata, la historiadora Corina Yoris, elegida tras la inhabilitaci\u00f3n contra Mar\u00eda Corina Machado para competir por cargos p\u00fablicos hasta 2036.&nbsp;<\/p>\n\n\n\n<p>Finalmente, vencido ayer el plazo para presentar a Yoris como candidata del PUD, el r\u00e9gimen bloque\u00f3 esa nominaci\u00f3n. Machado, en tanto, asegur\u00f3 que no apoyar\u00e1 a ning\u00fan candidato que no sea Yoris.<\/p>\n\n\n\n<p>\u201cEl pa\u00eds tiene derecho a conocer toda la verdad y el resultado de lo que ha ocurrido es que anoche, a las 12 de la noche, a la Plataforma Unitaria no se le permiti\u00f3 inscribir su candidatura.\u00a0El r\u00e9gimen impidi\u00f3 que se inscribiera a la doctora Corina Yoris. Lo que advertimos durante muchos meses termin\u00f3 ocurriendo. El r\u00e9gimen escogi\u00f3 a sus candidatos\u201d, dijo Machado ante la proscripci\u00f3n de su candidata presidencial.<\/p>\n\n\n\n<p>En cambio, Maduro formaliz\u00f3 ayer su candidatura para aspirar a un tercer mandato de seis a\u00f1os en las elecciones del 28 de julio. Se trata de una batalla asim\u00e9trica: el r\u00e9gimen protege a su dictador y a la vez prescribe a los l\u00edderes de la oposici\u00f3n.<\/p>\n","protected":false},"excerpt":{"rendered":"<p>A trav\u00e9s de un comunicado, el gobierno de Javier Milei denunci\u00f3 un sabotaje a la embajada argentina en Caracas. En un contexto de crecientes tensiones pol\u00edticas en Venezuela, el gobierno argentino ha tomado una postura contundente al\u00a0exigir al r\u00e9gimen de\u00a0Nicol\u00e1s Maduro\u00a0la convocatoria de elecciones libres, transparentes y democr\u00e1ticas.\u00a0 Esta demanda acompa\u00f1a la decisi\u00f3n de la [&hellip;]<\/p>\n","protected":false},"author":2,"featured_media":2131,"comment_status":"open","ping_status":"open","sticky":false,"template":"","format":"standard","meta":{"footnotes":""},"categories":[20],"tags":[],"_links":{"self":[{"href":"https:\/\/enlamira.info\/index.php\/wp-json\/wp\/v2\/posts\/2129"}],"collection":[{"href":"https:\/\/enlamira.info\/index.php\/wp-json\/wp\/v2\/posts"}],"about":[{"href":"https:\/\/enlamira.info\/index.php\/wp-json\/wp\/v2\/types\/post"}],"author":[{"embeddable":true,"href":"https:\/\/enlamira.info\/index.php\/wp-json\/wp\/v2\/users\/2"}],"replies":[{"embeddable":true,"href":"https:\/\/enlamira.info\/index.php\/wp-json\/wp\/v2\/comments?post=2129"}],"version-history":[{"count":2,"href":"https:\/\/enlamira.info\/index.php\/wp-json\/wp\/v2\/posts\/2129\/revisions"}],"predecessor-version":[{"id":2133,"href":"https:\/\/enlamira.info\/index.php\/wp-json\/wp\/v2\/posts\/2129\/revisions\/2133"}],"wp:featuredmedia":[{"embeddable":true,"href":"https:\/\/enlamira.info\/index.php\/wp-json\/wp\/v2\/media\/2131"}],"wp:attachment":[{"href":"https:\/\/enlamira.info\/index.php\/wp-json\/wp\/v2\/media?parent=2129"}],"wp:term":[{"taxonomy":"category","embeddable":true,"href":"https:\/\/enlamira.info\/index.php\/wp-json\/wp\/v2\/categories?post=2129"},{"taxonomy":"post_tag","embeddable":true,"href":"https:\/\/enlamira.info\/index.php\/wp-json\/wp\/v2\/tags?post=2129"}],"curies":[{"name":"wp","href":"https:\/\/api.w.org\/{rel}","templated":true}]}}