{"id":21226,"date":"2026-02-12T00:04:18","date_gmt":"2026-02-12T03:04:18","guid":{"rendered":"https:\/\/enlamira.info\/?p=21226"},"modified":"2026-02-12T00:04:18","modified_gmt":"2026-02-12T03:04:18","slug":"los-principales-puntos-de-la-reforma-laboral-que-afectaran-a-los-trabajadores-formales","status":"publish","type":"post","link":"https:\/\/enlamira.info\/index.php\/2026\/02\/12\/los-principales-puntos-de-la-reforma-laboral-que-afectaran-a-los-trabajadores-formales\/","title":{"rendered":"Los principales puntos de la reforma laboral que afectar\u00e1n a los trabajadores formales"},"content":{"rendered":"\n<p>El Senado tratar\u00e1 la reforma laboral que envi\u00f3 el gobierno de Javier Milei y el oficialismo conf\u00eda en lograr la media sanci\u00f3n con el apoyo de bloques aliados como la UCR y el PRO. Tras varias negociaciones, La Libertad Avanza lleg\u00f3 a un proyecto consensuado con la oposici\u00f3n.<\/p>\n\n\n\n<p>La jefa de bloque de La Libertad Avanza en el Senado, Patricia Bullrich, anunci\u00f3 que se realizaron 28 modificaciones al proyecto. En el oficialismo se muestran optimistas por aprobaci\u00f3n parcial de la ley que obsesiona al presidente Javier Milei.<\/p>\n\n\n\n<p><strong>Indemnizaciones y el nuevo Fondo de Asistencia (FAL)<\/strong><\/p>\n\n\n\n<p>\u25aa\ufe0e Modificaci\u00f3n en c\u00e1lculo: Para las indemnizaciones, s\u00f3lo se tomar\u00e1n rubros mensuales; se excluye cualquier pago que no tenga esa periodicidad.<\/p>\n\n\n\n<p>\u25aa\ufe0e C\u00f3digo Civil: Se proh\u00edbe reclamar da\u00f1os y perjuicios por fuera de esta ley laboral.<\/p>\n\n\n\n<p>\u25aa\ufe0e Creaci\u00f3n del FAL: Se crea el Fondo de Asistencia Laboral, financiado con un 3% mensual del salario a cargo del empleador para cubrir futuros despidos. A cambio, las empresas reciben una rebaja de 3 puntos en sus contribuciones patronales.<\/p>\n\n\n\n<p><strong>Digitalizaci\u00f3n y salarios \u201cen moneda extranjera\u201d<\/strong><\/p>\n\n\n\n<p>\u25aa\ufe0e Registro ARCA: Se centraliza y digitaliza la registraci\u00f3n de empleados a trav\u00e9s de la Agencia de Recaudaci\u00f3n y Control Aduanero.<\/p>\n\n\n\n<p>\u25aa\ufe0e La ley habilita expl\u00edcitamente el pago de salarios en moneda extranjera. Adem\u00e1s, los pagos en \u201cespecie\u201d (comida o techo) pasan a ser solo prestaciones complementarias con tope.<\/p>\n\n\n\n<p><strong>Apps, huelgas y horas extra<\/strong><\/p>\n\n\n\n<p>\u25aa\ufe0e Plataformas digitales: Se establece finalmente un r\u00e9gimen legal para repartidores y conductores de aplicaciones, definiendo sus derechos y las obligaciones de las empresas due\u00f1as de las plataformas.<\/p>\n\n\n\n<p>\u25aa\ufe0e L\u00edmite a los paros: se restringe el derecho de huelga en servicios esenciales y \u201cactividades de importancia trascendental\u201d para asegurar que siempre haya una prestaci\u00f3n m\u00ednima.<\/p>\n\n\n\n<p>\u25aa\ufe0e Horas extra a medida: Empleador y trabajador podr\u00e1n acordar sistemas de compensaci\u00f3n de horas seg\u00fan les convenga.<\/p>\n\n\n\n<p><strong>Incentivos y blanqueo<\/strong><\/p>\n\n\n\n<p>\u25aa\ufe0e Condonaci\u00f3n de multas: Se abre una ventana para regularizar empleados no registrados, con incentivos de pago y perd\u00f3n de multas.<\/p>\n\n\n\n<p>\u25aa\ufe0e Menos aportes a obras sociales: Para el empleo ya registrado, la contribuci\u00f3n patronal a obras sociales baja al 5%.<\/p>\n\n\n\n<p><strong>Cambios en impuestos<\/strong><\/p>\n\n\n\n<p>\u25aa\ufe0e Ganancias: Se actualizan los quebrantos por IPC y se reducen las al\u00edcuotas para empresas (el tramo superior baja del 35% al 31,5%).<\/p>\n\n\n\n<p>\u25aa\ufe0e Impuestos Internos: Se eliminan los impuestos a seguros, celulares, autos, motos y objetos suntuarios.<\/p>\n\n\n\n<p>\u25aa\ufe0e Plazos Fijos: Quedan exentos de Ganancias los intereses de plazos fijos en cualquier moneda<\/p>\n","protected":false},"excerpt":{"rendered":"<p>El Senado tratar\u00e1 la reforma laboral que envi\u00f3 el gobierno de Javier Milei y el oficialismo conf\u00eda en lograr la media sanci\u00f3n con el apoyo de bloques aliados como la UCR y el PRO. Tras varias negociaciones, La Libertad Avanza lleg\u00f3 a un proyecto consensuado con la oposici\u00f3n. La jefa de bloque de La Libertad [&hellip;]<\/p>\n","protected":false},"author":4,"featured_media":21231,"comment_status":"open","ping_status":"open","sticky":false,"template":"","format":"standard","meta":{"footnotes":""},"categories":[4,34],"tags":[],"_links":{"self":[{"href":"https:\/\/enlamira.info\/index.php\/wp-json\/wp\/v2\/posts\/21226"}],"collection":[{"href":"https:\/\/enlamira.info\/index.php\/wp-json\/wp\/v2\/posts"}],"about":[{"href":"https:\/\/enlamira.info\/index.php\/wp-json\/wp\/v2\/types\/post"}],"author":[{"embeddable":true,"href":"https:\/\/enlamira.info\/index.php\/wp-json\/wp\/v2\/users\/4"}],"replies":[{"embeddable":true,"href":"https:\/\/enlamira.info\/index.php\/wp-json\/wp\/v2\/comments?post=21226"}],"version-history":[{"count":3,"href":"https:\/\/enlamira.info\/index.php\/wp-json\/wp\/v2\/posts\/21226\/revisions"}],"predecessor-version":[{"id":21229,"href":"https:\/\/enlamira.info\/index.php\/wp-json\/wp\/v2\/posts\/21226\/revisions\/21229"}],"wp:featuredmedia":[{"embeddable":true,"href":"https:\/\/enlamira.info\/index.php\/wp-json\/wp\/v2\/media\/21231"}],"wp:attachment":[{"href":"https:\/\/enlamira.info\/index.php\/wp-json\/wp\/v2\/media?parent=21226"}],"wp:term":[{"taxonomy":"category","embeddable":true,"href":"https:\/\/enlamira.info\/index.php\/wp-json\/wp\/v2\/categories?post=21226"},{"taxonomy":"post_tag","embeddable":true,"href":"https:\/\/enlamira.info\/index.php\/wp-json\/wp\/v2\/tags?post=21226"}],"curies":[{"name":"wp","href":"https:\/\/api.w.org\/{rel}","templated":true}]}}