{"id":2120,"date":"2024-03-27T11:43:58","date_gmt":"2024-03-27T14:43:58","guid":{"rendered":"https:\/\/enlamira.info\/?p=2120"},"modified":"2024-03-27T21:15:22","modified_gmt":"2024-03-28T00:15:22","slug":"el-emotivo-mensaje-de-apoyo-de-la-seleccion-de-chile-para-javier-altamirano","status":"publish","type":"post","link":"https:\/\/enlamira.info\/index.php\/2024\/03\/27\/el-emotivo-mensaje-de-apoyo-de-la-seleccion-de-chile-para-javier-altamirano\/","title":{"rendered":"El emotivo mensaje de apoyo de la Selecci\u00f3n de Chile para Javier Altamirano"},"content":{"rendered":"\n<p>El plantel se acord\u00f3 de su compatriota en el partido amistoso ante Francia.<\/p>\n\n\n\n<p>Antes del partido amistoso ante Francia,\u00a0la Selecci\u00f3n de Chile le envi\u00f3 un emotivo mensaje de apoyo a Javier Altamirano\u00a0en su recuperaci\u00f3n.<\/p>\n\n\n\n<p><em>La Roja<\/em>\u00a0public\u00f3 m\u00faltiples posteos en sus redes sociales.\u00a0\u201cHoy juegas con nosotros, Javier. Mucha fuerza y pronta recuperaci\u00f3n\u201d, fueron las palabras en Instagram<\/p>\n\n\n\n<p>El jugador transandino de Estudiantes de La Plata sufri\u00f3 un\u00a0episodio de convulsi\u00f3n en medio del encuentro ante Boca Juniors.<\/p>\n\n\n\n<p>Altamirano (24 a\u00f1os) va a cumplir\u00a010 d\u00edas de recuperaci\u00f3n\u00a0y se espera saber qu\u00e9 pasar\u00e1 con su futuro profesional.<\/p>\n\n\n\n<p>El \u00faltimo parte m\u00e9dico del club. \u201cJavier Altamirano contin\u00faa con su buena evoluci\u00f3n. En el d\u00eda de hoy pasar\u00e1 de cuidados intensivos a sala com\u00fan para continuar con su recuperaci\u00f3n\u201d.<\/p>\n","protected":false},"excerpt":{"rendered":"<p>El plantel se acord\u00f3 de su compatriota en el partido amistoso ante Francia. Antes del partido amistoso ante Francia,\u00a0la Selecci\u00f3n de Chile le envi\u00f3 un emotivo mensaje de apoyo a Javier Altamirano\u00a0en su recuperaci\u00f3n. La Roja\u00a0public\u00f3 m\u00faltiples posteos en sus redes sociales.\u00a0\u201cHoy juegas con nosotros, Javier. Mucha fuerza y pronta recuperaci\u00f3n\u201d, fueron las palabras en [&hellip;]<\/p>\n","protected":false},"author":2,"featured_media":2122,"comment_status":"open","ping_status":"open","sticky":false,"template":"","format":"standard","meta":{"footnotes":""},"categories":[14],"tags":[],"_links":{"self":[{"href":"https:\/\/enlamira.info\/index.php\/wp-json\/wp\/v2\/posts\/2120"}],"collection":[{"href":"https:\/\/enlamira.info\/index.php\/wp-json\/wp\/v2\/posts"}],"about":[{"href":"https:\/\/enlamira.info\/index.php\/wp-json\/wp\/v2\/types\/post"}],"author":[{"embeddable":true,"href":"https:\/\/enlamira.info\/index.php\/wp-json\/wp\/v2\/users\/2"}],"replies":[{"embeddable":true,"href":"https:\/\/enlamira.info\/index.php\/wp-json\/wp\/v2\/comments?post=2120"}],"version-history":[{"count":2,"href":"https:\/\/enlamira.info\/index.php\/wp-json\/wp\/v2\/posts\/2120\/revisions"}],"predecessor-version":[{"id":2123,"href":"https:\/\/enlamira.info\/index.php\/wp-json\/wp\/v2\/posts\/2120\/revisions\/2123"}],"wp:featuredmedia":[{"embeddable":true,"href":"https:\/\/enlamira.info\/index.php\/wp-json\/wp\/v2\/media\/2122"}],"wp:attachment":[{"href":"https:\/\/enlamira.info\/index.php\/wp-json\/wp\/v2\/media?parent=2120"}],"wp:term":[{"taxonomy":"category","embeddable":true,"href":"https:\/\/enlamira.info\/index.php\/wp-json\/wp\/v2\/categories?post=2120"},{"taxonomy":"post_tag","embeddable":true,"href":"https:\/\/enlamira.info\/index.php\/wp-json\/wp\/v2\/tags?post=2120"}],"curies":[{"name":"wp","href":"https:\/\/api.w.org\/{rel}","templated":true}]}}