{"id":2106,"date":"2024-03-27T11:38:02","date_gmt":"2024-03-27T14:38:02","guid":{"rendered":"https:\/\/enlamira.info\/?p=2106"},"modified":"2024-03-27T21:18:51","modified_gmt":"2024-03-28T00:18:51","slug":"la-respuesta-de-maximo-kirchner-a-milei-que-le-ponga-conan-al-cck-pero-que-pare-con-los-despidos","status":"publish","type":"post","link":"https:\/\/enlamira.info\/index.php\/2024\/03\/27\/la-respuesta-de-maximo-kirchner-a-milei-que-le-ponga-conan-al-cck-pero-que-pare-con-los-despidos\/","title":{"rendered":"La respuesta de M\u00e1ximo Kirchner a Milei: \u201cQue le ponga Conan al CCK, pero que pare con los despidos\u201d"},"content":{"rendered":"\n<p>El camporista sali\u00f3 al cruce de Presidente luego de la decisi\u00f3n de cambiar el nombre del Centro Cultural Kirchner y critic\u00f3 su pol\u00edtica econ\u00f3mica y social.<\/p>\n\n\n\n<p>El diputado nacional de Uni\u00f3n por la Patria ,\u00a0M\u00e1ximo\u00a0Kirchner, sali\u00f3 al cruce del presidente\u00a0Javier\u00a0Milei\u00a0por el\u00a0anuncio\u00a0del Gobierno de cambio de nombre del\u00a0Centro Cultural Kirchner.<\/p>\n\n\n\n<p>\u201cQue le ponga\u00a0Conan, pero que pare con los despidos en el sector p\u00fablico, lo que importa es la gente, no cambiarle el nombre a un lugar\u201d, asegur\u00f3 el hijo de la ex Vicepresidenta.<\/p>\n\n\n\n<p>En ese sentido, el kirchnerista plante\u00f3 que si\u00a0Milei\u00a0revierte su decisi\u00f3n de eliminar el\u00a0Fondo Nacional de Incentivo Docente (Fonid), \u201cle env\u00eda fondos y alimentos a los comedores, y deja de hacer despidos masivos en el Estado\u201d le parecer\u00eda \u201cuna an\u00e9cdota\u201d que impulse el cambio de nombre del CCK.<\/p>\n\n\n\n<p>Es todo \u201cfuego de artificio\u201d, analiz\u00f3 en declaraciones radiales, luego de la conferencia de\u00a0Manuel\u00a0Adorni\u00a0donde el vocero confirm\u00f3 que el organismo \u201cdejar\u00e1 de llamarse como tal\u201d y que\u00a0 se le dar\u00e1 paso a un nuevo nombre\u201d.<\/p>\n\n\n\n<p>\u201cLa decisi\u00f3n est\u00e1 tomada en virtud de que no existe m\u00e1s como tal, no tenemos definido el nombre\u201d, indic\u00f3 el funcionario libertario al respecto.<\/p>\n\n\n\n<p>El Ejecutivo maneja tres opciones para el cambio de nombre del CCK, volver al original o usar el de dos pr\u00f3ceres,\u00a0Julio Argentino Roca y Domingo Faustino Sarmiento, en relaci\u00f3n a las figuras hist\u00f3ricas que se incorporaron con cuadros el pasado 8 de marzo al nuevo Sal\u00f3n de los Pr\u00f3ceres de la Casa de Gobierno.<\/p>\n","protected":false},"excerpt":{"rendered":"<p>El camporista sali\u00f3 al cruce de Presidente luego de la decisi\u00f3n de cambiar el nombre del Centro Cultural Kirchner y critic\u00f3 su pol\u00edtica econ\u00f3mica y social. El diputado nacional de Uni\u00f3n por la Patria ,\u00a0M\u00e1ximo\u00a0Kirchner, sali\u00f3 al cruce del presidente\u00a0Javier\u00a0Milei\u00a0por el\u00a0anuncio\u00a0del Gobierno de cambio de nombre del\u00a0Centro Cultural Kirchner. \u201cQue le ponga\u00a0Conan, pero que pare [&hellip;]<\/p>\n","protected":false},"author":2,"featured_media":2109,"comment_status":"open","ping_status":"open","sticky":false,"template":"","format":"standard","meta":{"footnotes":""},"categories":[20],"tags":[],"_links":{"self":[{"href":"https:\/\/enlamira.info\/index.php\/wp-json\/wp\/v2\/posts\/2106"}],"collection":[{"href":"https:\/\/enlamira.info\/index.php\/wp-json\/wp\/v2\/posts"}],"about":[{"href":"https:\/\/enlamira.info\/index.php\/wp-json\/wp\/v2\/types\/post"}],"author":[{"embeddable":true,"href":"https:\/\/enlamira.info\/index.php\/wp-json\/wp\/v2\/users\/2"}],"replies":[{"embeddable":true,"href":"https:\/\/enlamira.info\/index.php\/wp-json\/wp\/v2\/comments?post=2106"}],"version-history":[{"count":2,"href":"https:\/\/enlamira.info\/index.php\/wp-json\/wp\/v2\/posts\/2106\/revisions"}],"predecessor-version":[{"id":2110,"href":"https:\/\/enlamira.info\/index.php\/wp-json\/wp\/v2\/posts\/2106\/revisions\/2110"}],"wp:featuredmedia":[{"embeddable":true,"href":"https:\/\/enlamira.info\/index.php\/wp-json\/wp\/v2\/media\/2109"}],"wp:attachment":[{"href":"https:\/\/enlamira.info\/index.php\/wp-json\/wp\/v2\/media?parent=2106"}],"wp:term":[{"taxonomy":"category","embeddable":true,"href":"https:\/\/enlamira.info\/index.php\/wp-json\/wp\/v2\/categories?post=2106"},{"taxonomy":"post_tag","embeddable":true,"href":"https:\/\/enlamira.info\/index.php\/wp-json\/wp\/v2\/tags?post=2106"}],"curies":[{"name":"wp","href":"https:\/\/api.w.org\/{rel}","templated":true}]}}