{"id":2097,"date":"2024-03-27T11:35:59","date_gmt":"2024-03-27T14:35:59","guid":{"rendered":"https:\/\/enlamira.info\/?p=2097"},"modified":"2024-03-27T21:21:04","modified_gmt":"2024-03-28T00:21:04","slug":"la-oferta-del-gobierno-a-las-provincias-obra-publica-a-cambio-del-apoyo-a-la-ley-omnibus","status":"publish","type":"post","link":"https:\/\/enlamira.info\/index.php\/2024\/03\/27\/la-oferta-del-gobierno-a-las-provincias-obra-publica-a-cambio-del-apoyo-a-la-ley-omnibus\/","title":{"rendered":"La oferta del Gobierno a las provincias: obra p\u00fablica a cambio del apoyo a la Ley \u00d3mnibus"},"content":{"rendered":"\n<p>El oficialismo dar\u00e1 prioridad a los proyectos que ya est\u00e9n avanzados y que se consideren prioritarias, como c\u00e1rceles y los trabajos de Seguridad Vial.<\/p>\n\n\n\n<p>En medio de una\u00a0disputa\u00a0eterna con los gobernadores por los fondos que inici\u00f3 desde el primer d\u00eda de la gesti\u00f3n de\u00a0Javier\u00a0Milei\u00a0al frente del Ejecutivo, el Gobierno les ofrece\u00a0terminar obras que ya est\u00e1n avanzadas en las provincias\u00a0a cambio del apoyo al\u00a0DNU y a la Ley\u00a0\u00d3mnibus.<\/p>\n\n\n\n<p>En esa l\u00ednea, el oficialismo sum\u00f3 a la mesa de negociaci\u00f3n la posibilidad de terminar construcciones ya iniciadas y que los mandatarios consideren prioritarias en sus distritos.<\/p>\n\n\n\n<p>Es una iniciativa que ya hab\u00eda encabezado el exministro de Infraestructura,\u00a0Guillermo Ferraro, y su equipo, pero que qued\u00f3 en pausa tras su salida del gabinete. Lo que no tiene definido el oficialismo es el porcentaje de avance de las obras que continuar\u00e1n y el monto que ser\u00e1 destinado para su realizaci\u00f3n.<\/p>\n\n\n\n<p>En el Gobierno aseguraron que la elecci\u00f3n de proyectos a terminar no es lineal y que apuntan a avanzar sobre los que consideren \u201cde emergencia\u201d, como c\u00e1rceles y los trabajos de Seguridad Vial.<\/p>\n\n\n\n<p>\u201cNo son obras nuevas, sino que se trata de las que ya est\u00e1n avanzadas y tienen financiamiento internacional o son de emergencia. No son de escala municipal. Hay que ver caso por caso. Si tienen un avance del 80%, se van a terminar\u201d, expres\u00f3 un funcionario.<\/p>\n\n\n\n<p>La iniciativa fue presentada ante los mandatarios provinciales en la reuni\u00f3n de Salta. Estuvieron el ministro de Interior,\u00a0Guillermo Francos, el vicejefe de gabinete, Jos\u00e9 \u201cCochi\u201d Rolandi, el secretario de Interior, Lisandro Catal\u00e1n, el titular de Provincias y Municipios de la Naci\u00f3n, Javier Milano, y el secretario de Hacienda, Carlos Guberman.<\/p>\n\n\n\n<p>De los mandatarios, participaron\u00a0Ra\u00fal Jalil (Catamarca), Leandro Zdero (Chaco), Gustavo Vald\u00e9s (Corrientes), Gildo Insfr\u00e1n (Formosa), Carlos Sadir (Jujuy), Ricardo Quintela (La Rioja), Hugo Passalacqua (Misiones), Gustavo S\u00e1enz (Salta), Gerardo Zamora (Santiago Del Estero) y Osvaldo Jaldo (Tucum\u00e1n).<\/p>\n\n\n\n<p>Los gobernadores insistieron con el Fondo Nacional de Incentivo Docente (FONID), los subsidios al transporte y a la energ\u00eda y la situaci\u00f3n de las obras p\u00fablicas nacionales. En este \u00faltimo punto tuvieron incidencia el secretario general del Consejo Federal de Inversiones (CFI), Ignacio Lamothe, y el administrador del ENOHSA, Bartolom\u00e9 Heredia.<\/p>\n","protected":false},"excerpt":{"rendered":"<p>El oficialismo dar\u00e1 prioridad a los proyectos que ya est\u00e9n avanzados y que se consideren prioritarias, como c\u00e1rceles y los trabajos de Seguridad Vial. En medio de una\u00a0disputa\u00a0eterna con los gobernadores por los fondos que inici\u00f3 desde el primer d\u00eda de la gesti\u00f3n de\u00a0Javier\u00a0Milei\u00a0al frente del Ejecutivo, el Gobierno les ofrece\u00a0terminar obras que ya est\u00e1n [&hellip;]<\/p>\n","protected":false},"author":2,"featured_media":2100,"comment_status":"open","ping_status":"open","sticky":false,"template":"","format":"standard","meta":{"footnotes":""},"categories":[20],"tags":[],"_links":{"self":[{"href":"https:\/\/enlamira.info\/index.php\/wp-json\/wp\/v2\/posts\/2097"}],"collection":[{"href":"https:\/\/enlamira.info\/index.php\/wp-json\/wp\/v2\/posts"}],"about":[{"href":"https:\/\/enlamira.info\/index.php\/wp-json\/wp\/v2\/types\/post"}],"author":[{"embeddable":true,"href":"https:\/\/enlamira.info\/index.php\/wp-json\/wp\/v2\/users\/2"}],"replies":[{"embeddable":true,"href":"https:\/\/enlamira.info\/index.php\/wp-json\/wp\/v2\/comments?post=2097"}],"version-history":[{"count":1,"href":"https:\/\/enlamira.info\/index.php\/wp-json\/wp\/v2\/posts\/2097\/revisions"}],"predecessor-version":[{"id":2098,"href":"https:\/\/enlamira.info\/index.php\/wp-json\/wp\/v2\/posts\/2097\/revisions\/2098"}],"wp:featuredmedia":[{"embeddable":true,"href":"https:\/\/enlamira.info\/index.php\/wp-json\/wp\/v2\/media\/2100"}],"wp:attachment":[{"href":"https:\/\/enlamira.info\/index.php\/wp-json\/wp\/v2\/media?parent=2097"}],"wp:term":[{"taxonomy":"category","embeddable":true,"href":"https:\/\/enlamira.info\/index.php\/wp-json\/wp\/v2\/categories?post=2097"},{"taxonomy":"post_tag","embeddable":true,"href":"https:\/\/enlamira.info\/index.php\/wp-json\/wp\/v2\/tags?post=2097"}],"curies":[{"name":"wp","href":"https:\/\/api.w.org\/{rel}","templated":true}]}}