{"id":20876,"date":"2026-01-16T03:40:00","date_gmt":"2026-01-16T06:40:00","guid":{"rendered":"https:\/\/enlamira.info\/?p=20876"},"modified":"2026-01-16T03:38:35","modified_gmt":"2026-01-16T06:38:35","slug":"el-46-de-los-trabajadores-en-argentina-no-pudo-tomarse-vacaciones-por-falta-de-poder-adquisitivo","status":"publish","type":"post","link":"https:\/\/enlamira.info\/index.php\/2026\/01\/16\/el-46-de-los-trabajadores-en-argentina-no-pudo-tomarse-vacaciones-por-falta-de-poder-adquisitivo\/","title":{"rendered":"El 46% de los trabajadores en Argentina no pudo tomarse vacaciones por falta de poder adquisitivo"},"content":{"rendered":"\n<p>El 46% de los trabajadores en Argentina no pudo tomarse vacaciones durante el \u00faltimo a\u00f1o debido a la falta de poder adquisitivo, seg\u00fan un estudio realizado por la plataforma y consultora de empleo Bumeran. El dato refleja el impacto directo de la situaci\u00f3n econ\u00f3mica sobre el descanso anual, en un contexto donde los ingresos no logran recomponerse frente al aumento acumulado de precios.<\/p>\n\n\n\n<p>El informe contrasta con otro relevamiento elaborado por la billetera virtual belo, que indica que 6 de cada 10 argentinos que s\u00ed podr\u00e1n vacacionar ya planifican viajes entre diciembre y marzo, tanto dentro del pa\u00eds como al exterior. <\/p>\n\n\n\n<p>Desde Bumeran se\u00f1alaron que entre quienes no pudieron tomarse vacaciones, el 56% lo atribuy\u00f3 directamente a la falta de recursos econ\u00f3micos, mientras que un 21% mencion\u00f3 cambios laborales, como nuevas condiciones de empleo o p\u00e9rdida de beneficios. En tanto, un 12% prioriz\u00f3 objetivos personales o profesionales, y el resto indic\u00f3 otros motivos.<\/p>\n\n\n\n<p>El contexto inflacionario, pese a la desaceleraci\u00f3n registrada en los \u00faltimos meses, sigue condicionando las decisiones de consumo. Con salarios reales que a\u00fan no recuperan terreno, muchas familias optan por recortar gastos y postergar el descanso, transformando las vacaciones en una decisi\u00f3n cada vez m\u00e1s dependiente del ingreso disponible.<\/p>\n\n\n\n<p>En paralelo, entre quienes s\u00ed viajar\u00e1n, se observa un mayor inter\u00e9s por destinos del exterior. Brasil encabeza las preferencias con el 27,8%, seguido por la costa atl\u00e1ntica argentina (24%), mientras que Europa y destinos como el Caribe o Estados Unidos aparecen con porcentajes menores. La forma de pago tambi\u00e9n refleja la cautela: el 43,6% prioriza el efectivo para evitar recargos, aunque crece el uso de billeteras digitales.<\/p>\n\n\n\n<p>\u201cLa l\u00f3gica del viaje cambi\u00f3: hoy se planifica m\u00e1s, se compara y se busca optimizar cada peso\u201d, explic\u00f3 Manuel Beaudroit, CEO de belo. El dato sintetiza una tendencia clara: mientras una parte de los trabajadores en Argentina no pudo tomarse vacaciones por razones econ\u00f3micas, otro segmento logra hacerlo bajo esquemas de mayor planificaci\u00f3n y control del gasto.<\/p>\n","protected":false},"excerpt":{"rendered":"<p>El 46% de los trabajadores en Argentina no pudo tomarse vacaciones durante el \u00faltimo a\u00f1o debido a la falta de poder adquisitivo, seg\u00fan un estudio realizado por la plataforma y consultora de empleo Bumeran. El dato refleja el impacto directo de la situaci\u00f3n econ\u00f3mica sobre el descanso anual, en un contexto donde los ingresos no [&hellip;]<\/p>\n","protected":false},"author":4,"featured_media":20874,"comment_status":"open","ping_status":"open","sticky":false,"template":"","format":"standard","meta":{"footnotes":""},"categories":[4],"tags":[],"_links":{"self":[{"href":"https:\/\/enlamira.info\/index.php\/wp-json\/wp\/v2\/posts\/20876"}],"collection":[{"href":"https:\/\/enlamira.info\/index.php\/wp-json\/wp\/v2\/posts"}],"about":[{"href":"https:\/\/enlamira.info\/index.php\/wp-json\/wp\/v2\/types\/post"}],"author":[{"embeddable":true,"href":"https:\/\/enlamira.info\/index.php\/wp-json\/wp\/v2\/users\/4"}],"replies":[{"embeddable":true,"href":"https:\/\/enlamira.info\/index.php\/wp-json\/wp\/v2\/comments?post=20876"}],"version-history":[{"count":1,"href":"https:\/\/enlamira.info\/index.php\/wp-json\/wp\/v2\/posts\/20876\/revisions"}],"predecessor-version":[{"id":20877,"href":"https:\/\/enlamira.info\/index.php\/wp-json\/wp\/v2\/posts\/20876\/revisions\/20877"}],"wp:featuredmedia":[{"embeddable":true,"href":"https:\/\/enlamira.info\/index.php\/wp-json\/wp\/v2\/media\/20874"}],"wp:attachment":[{"href":"https:\/\/enlamira.info\/index.php\/wp-json\/wp\/v2\/media?parent=20876"}],"wp:term":[{"taxonomy":"category","embeddable":true,"href":"https:\/\/enlamira.info\/index.php\/wp-json\/wp\/v2\/categories?post=20876"},{"taxonomy":"post_tag","embeddable":true,"href":"https:\/\/enlamira.info\/index.php\/wp-json\/wp\/v2\/tags?post=20876"}],"curies":[{"name":"wp","href":"https:\/\/api.w.org\/{rel}","templated":true}]}}