{"id":2087,"date":"2024-03-27T11:32:17","date_gmt":"2024-03-27T14:32:17","guid":{"rendered":"https:\/\/enlamira.info\/?p=2087"},"modified":"2024-03-27T21:22:44","modified_gmt":"2024-03-28T00:22:44","slug":"franco-diaz-fue-separado-de-newells-por-ser-hincha-de-rosario-central","status":"publish","type":"post","link":"https:\/\/enlamira.info\/index.php\/2024\/03\/27\/franco-diaz-fue-separado-de-newells-por-ser-hincha-de-rosario-central\/","title":{"rendered":"Franco D\u00edaz fue separado de Newell\u2019s por ser hincha de Rosario Central"},"content":{"rendered":"\n<p>El propio presidente, Ignacio Astore, confirm\u00f3 la decisi\u00f3n del club.<\/p>\n\n\n\n<p>La novela en Rosario lleg\u00f3 a su fin:\u00a0Franco D\u00edaz fue separado de Newell\u2019s por ser hincha de Rosario Central.\u00a0\u201cNo es tenido en cuenta por un tema institucional.\u00a0No va a jugar hasta fin de a\u00f1o\u201d, confirm\u00f3 el propio presidente.<\/p>\n\n\n\n<p>El futbolista est\u00e1 a pr\u00e9stamo en&nbsp;<em>La Lepra<\/em>&nbsp;proveniente de V\u00e9lez Sarsfield, donde tendr\u00e1 que volver cuando termine la Copa de la Liga 2024 y su v\u00ednculo.<\/p>\n\n\n\n<p><strong>Ignacio Astore<\/strong>\u00a0detall\u00f3 la situaci\u00f3n de D\u00edaz: \u201cLamentablemente, Franco no estaba en las condiciones y en el lugar apropiado. Eso le genera un disturbio a la instituci\u00f3n , y merece una sanci\u00f3n\u201d.<\/p>\n\n\n\n<p>\u201cVa a tener una pena econ\u00f3mica , que va a ser del 20 % de su salario\u201d, agreg\u00f3 el mandam\u00e1s en\u00a0<em>DSports<\/em>\u00a0sobre la multa econ\u00f3mica.<\/p>\n\n\n\n<h3 class=\"wp-block-heading\">El video de la pol\u00e9mica<\/h3>\n\n\n\n<p>En los \u00faltimos d\u00edas se viraliz\u00f3 un video de Franco D\u00edaz \u201cconfesando\u201d que es hincha de Central. El revuelo fue tal que el jugador debi\u00f3 salir p\u00fablicamente a explicar la situaci\u00f3n.<\/p>\n\n\n\n<figure class=\"wp-block-embed is-type-rich is-provider-twitter wp-block-embed-twitter\"><div class=\"wp-block-embed__wrapper\">\n<blockquote class=\"twitter-tweet\" data-width=\"550\" data-dnt=\"true\"><p lang=\"es\" dir=\"ltr\">ESC\u00c1NDALO EN ROSARIO POR LA CONFESI\u00d3N DE FRANCO D\u00cdAZ<br><br>El jugador de Newell\u00b4s dijo que era hincha de Central y despu\u00e9s tuvo que salir a pedir disculpas. <a href=\"https:\/\/t.co\/dYYNDwjOTc\">pic.twitter.com\/dYYNDwjOTc<\/a><\/p>&mdash; TyC Sports (@TyCSports) <a href=\"https:\/\/twitter.com\/TyCSports\/status\/1770801513939546180?ref_src=twsrc%5Etfw\">March 21, 2024<\/a><\/blockquote><script async src=\"https:\/\/platform.twitter.com\/widgets.js\" charset=\"utf-8\"><\/script>\n<\/div><\/figure>\n","protected":false},"excerpt":{"rendered":"<p>El propio presidente, Ignacio Astore, confirm\u00f3 la decisi\u00f3n del club. La novela en Rosario lleg\u00f3 a su fin:\u00a0Franco D\u00edaz fue separado de Newell\u2019s por ser hincha de Rosario Central.\u00a0\u201cNo es tenido en cuenta por un tema institucional.\u00a0No va a jugar hasta fin de a\u00f1o\u201d, confirm\u00f3 el propio presidente. El futbolista est\u00e1 a pr\u00e9stamo en&nbsp;La Lepra&nbsp;proveniente [&hellip;]<\/p>\n","protected":false},"author":2,"featured_media":2089,"comment_status":"open","ping_status":"open","sticky":false,"template":"","format":"standard","meta":{"footnotes":""},"categories":[14],"tags":[],"_links":{"self":[{"href":"https:\/\/enlamira.info\/index.php\/wp-json\/wp\/v2\/posts\/2087"}],"collection":[{"href":"https:\/\/enlamira.info\/index.php\/wp-json\/wp\/v2\/posts"}],"about":[{"href":"https:\/\/enlamira.info\/index.php\/wp-json\/wp\/v2\/types\/post"}],"author":[{"embeddable":true,"href":"https:\/\/enlamira.info\/index.php\/wp-json\/wp\/v2\/users\/2"}],"replies":[{"embeddable":true,"href":"https:\/\/enlamira.info\/index.php\/wp-json\/wp\/v2\/comments?post=2087"}],"version-history":[{"count":2,"href":"https:\/\/enlamira.info\/index.php\/wp-json\/wp\/v2\/posts\/2087\/revisions"}],"predecessor-version":[{"id":2091,"href":"https:\/\/enlamira.info\/index.php\/wp-json\/wp\/v2\/posts\/2087\/revisions\/2091"}],"wp:featuredmedia":[{"embeddable":true,"href":"https:\/\/enlamira.info\/index.php\/wp-json\/wp\/v2\/media\/2089"}],"wp:attachment":[{"href":"https:\/\/enlamira.info\/index.php\/wp-json\/wp\/v2\/media?parent=2087"}],"wp:term":[{"taxonomy":"category","embeddable":true,"href":"https:\/\/enlamira.info\/index.php\/wp-json\/wp\/v2\/categories?post=2087"},{"taxonomy":"post_tag","embeddable":true,"href":"https:\/\/enlamira.info\/index.php\/wp-json\/wp\/v2\/tags?post=2087"}],"curies":[{"name":"wp","href":"https:\/\/api.w.org\/{rel}","templated":true}]}}