{"id":20842,"date":"2026-01-14T23:14:41","date_gmt":"2026-01-15T02:14:41","guid":{"rendered":"https:\/\/enlamira.info\/?p=20842"},"modified":"2026-01-14T23:14:41","modified_gmt":"2026-01-15T02:14:41","slug":"avellaneda-misa-por-venezuela-en-la-catedral","status":"publish","type":"post","link":"https:\/\/enlamira.info\/index.php\/2026\/01\/14\/avellaneda-misa-por-venezuela-en-la-catedral\/","title":{"rendered":"Avellaneda: Misa por Venezuela en la Catedral"},"content":{"rendered":"\n<figure class=\"wp-block-image size-large\"><img loading=\"lazy\" decoding=\"async\" width=\"1024\" height=\"768\" src=\"https:\/\/enlamira.info\/wp-content\/uploads\/2026\/01\/615493142_1299968352167329_4743935009395025800_n-1024x768.jpg\" alt=\"\" class=\"wp-image-20843\" srcset=\"https:\/\/enlamira.info\/wp-content\/uploads\/2026\/01\/615493142_1299968352167329_4743935009395025800_n-1024x768.jpg 1024w, https:\/\/enlamira.info\/wp-content\/uploads\/2026\/01\/615493142_1299968352167329_4743935009395025800_n-300x225.jpg 300w, https:\/\/enlamira.info\/wp-content\/uploads\/2026\/01\/615493142_1299968352167329_4743935009395025800_n-768x576.jpg 768w, https:\/\/enlamira.info\/wp-content\/uploads\/2026\/01\/615493142_1299968352167329_4743935009395025800_n-1536x1152.jpg 1536w, https:\/\/enlamira.info\/wp-content\/uploads\/2026\/01\/615493142_1299968352167329_4743935009395025800_n.jpg 1600w\" sizes=\"(max-width: 1024px) 100vw, 1024px\" \/><\/figure>\n\n\n\n<h1 class=\"wp-block-heading\">FIESTA DE LA DIVINA PASTORA,<br>Y ORACI\u00d3N POR EL PUEBLO VENEZOLANO<\/h1>\n\n\n\n<p>El mi\u00e9rcoles 14 de enero, fiesta de la Divina Pastora, la comunidad diocesana de Avellaneda-Lan\u00fas se reuni\u00f3 para poner en manos de Dios al pueblo venezolano: su historia, su presente y su esperanza, con el pedido por la paz, la justicia, el consuelo de quienes sufren y la fortaleza de quienes siguen creyendo en un futuro mejor.<\/p>\n\n\n\n<p>El Padre Obispo Marcelo (Maxi) Margni presidi\u00f3 la celebraci\u00f3n en la Iglesia Catedral Nuestra Se\u00f1ora de la Asunci\u00f3n y dijo a la comunidad venezolana&nbsp;<em>\u201ccon ustedes y por ustedes, por sus familias y por su querido pueblo, ofrecemos la Misa e invocamos la intercesi\u00f3n de la Divina Pastora. Es toda la Iglesia la que, en este tiempo, quiere estar cerca del pueblo venezolano, para que pueda hacerse realidad el anhelo que brota del coraz\u00f3n del Papa Le\u00f3n XIV, cuando pide que se respete la voluntad del pueblo venezolano y se trabaje por la protecci\u00f3n de los derechos humanos y civiles de todos\u201d<\/em>.<\/p>\n\n\n\n<figure class=\"wp-block-image size-large\"><img loading=\"lazy\" decoding=\"async\" width=\"1024\" height=\"768\" src=\"https:\/\/enlamira.info\/wp-content\/uploads\/2026\/01\/615257945_1299968355500662_3260514980336337370_n-1024x768.jpg\" alt=\"\" class=\"wp-image-20844\" srcset=\"https:\/\/enlamira.info\/wp-content\/uploads\/2026\/01\/615257945_1299968355500662_3260514980336337370_n-1024x768.jpg 1024w, https:\/\/enlamira.info\/wp-content\/uploads\/2026\/01\/615257945_1299968355500662_3260514980336337370_n-300x225.jpg 300w, https:\/\/enlamira.info\/wp-content\/uploads\/2026\/01\/615257945_1299968355500662_3260514980336337370_n-768x576.jpg 768w, https:\/\/enlamira.info\/wp-content\/uploads\/2026\/01\/615257945_1299968355500662_3260514980336337370_n-1536x1152.jpg 1536w, https:\/\/enlamira.info\/wp-content\/uploads\/2026\/01\/615257945_1299968355500662_3260514980336337370_n.jpg 1600w\" sizes=\"(max-width: 1024px) 100vw, 1024px\" \/><\/figure>\n\n\n\n<p>El Padre Obispo Maxi record\u00f3 que&nbsp;<em>\u201cnuestra Iglesia quiere ser, tambi\u00e9n hoy, madre que acompa\u00f1a \u2014especialmente a los migrantes\u2014 y casa abierta donde el dolor se transforma en oraci\u00f3n y la esperanza se fortalece en comunidad\u201d<\/em>. Y mencion\u00f3 que&nbsp;<em>\u201cen este caminar muchas veces doloroso, no estamos solos. Hoy celebramos a Mar\u00eda como Divina Pastora, esa Madre que no abandona a su reba\u00f1o cuando llega la noche o cuando el camino se vuelve incierto. Ella conoce el desarraigo, el miedo, la huida y tambi\u00e9n la esperanza. Como Pastora buena, camina delante de su pueblo, lo cuida, lo sostiene y lo orienta, sin imponer, sin empujar, acompa\u00f1ando con ternura y con firmeza. Por eso el pueblo venezolano la quiere tanto: porque en Ella se reconoce acompa\u00f1ado, protegido y amado aun en medio de la prueba. Bajo su mirada maternal, el dolor no queda solo y la esperanza no se apaga\u201d.<\/em><\/p>\n\n\n\n<p>En la misa tambi\u00e9n particip\u00f3 el Padre Obispo Juan Carlos Roman\u00edn sdb, em\u00e9rito de R\u00edo Gallegos, e integrante de la pastoral de Migrantes de la Conferencia Episcopal Argentina, junto con el Padre Gabriel Favero, p\u00e1rroco de Catedral, sacerdotes, feligreses y comunidad venezolana.<\/p>\n\n\n\n<figure class=\"wp-block-image size-large\"><img loading=\"lazy\" decoding=\"async\" width=\"1024\" height=\"768\" src=\"https:\/\/enlamira.info\/wp-content\/uploads\/2026\/01\/615206770_1299968158834015_8813831255942527549_n-1024x768.jpg\" alt=\"\" class=\"wp-image-20845\" srcset=\"https:\/\/enlamira.info\/wp-content\/uploads\/2026\/01\/615206770_1299968158834015_8813831255942527549_n-1024x768.jpg 1024w, https:\/\/enlamira.info\/wp-content\/uploads\/2026\/01\/615206770_1299968158834015_8813831255942527549_n-300x225.jpg 300w, https:\/\/enlamira.info\/wp-content\/uploads\/2026\/01\/615206770_1299968158834015_8813831255942527549_n-768x576.jpg 768w, https:\/\/enlamira.info\/wp-content\/uploads\/2026\/01\/615206770_1299968158834015_8813831255942527549_n-1536x1152.jpg 1536w, https:\/\/enlamira.info\/wp-content\/uploads\/2026\/01\/615206770_1299968158834015_8813831255942527549_n.jpg 1600w\" sizes=\"(max-width: 1024px) 100vw, 1024px\" \/><\/figure>\n\n\n\n<p><em><strong>La homil\u00eda completa del Padre Obispo Maxi se trascribe a continuaci\u00f3n<\/strong><\/em>.<\/p>\n\n\n\n<figure class=\"wp-block-image size-large\"><img loading=\"lazy\" decoding=\"async\" width=\"768\" height=\"1024\" src=\"https:\/\/enlamira.info\/wp-content\/uploads\/2026\/01\/616012911_1299968405500657_2402856964108459542_n-768x1024.jpg\" alt=\"\" class=\"wp-image-20849\" srcset=\"https:\/\/enlamira.info\/wp-content\/uploads\/2026\/01\/616012911_1299968405500657_2402856964108459542_n-768x1024.jpg 768w, https:\/\/enlamira.info\/wp-content\/uploads\/2026\/01\/616012911_1299968405500657_2402856964108459542_n-225x300.jpg 225w, https:\/\/enlamira.info\/wp-content\/uploads\/2026\/01\/616012911_1299968405500657_2402856964108459542_n.jpg 960w\" sizes=\"(max-width: 768px) 100vw, 768px\" \/><\/figure>\n\n\n\n<h1 class=\"wp-block-heading\">HOMIL\u00cdA \u2013 MISA POR VENEZUELA<\/h1>\n\n\n\n<h3 class=\"wp-block-heading\"><em>Fiesta de la Divina Pastora \u2013 Catedral de Avellaneda-Lan\u00fas<\/em><\/h3>\n\n\n\n<p>Queridos hermanos y hermanas:<\/p>\n\n\n\n<p>Les agradezco de coraz\u00f3n por estar hoy ac\u00e1 y por haber respondido a la invitaci\u00f3n para ponernos juntos delante del Se\u00f1or y orar con confianza, de un modo especial, por el pueblo de Venezuela.<\/p>\n\n\n\n<p>Lo hacemos adem\u00e1s en un d\u00eda muy significativo: la fiesta de la Divina Pastora, una advocaci\u00f3n mariana tan querida por los venezolanos, como lo demuestra la importante manifestaci\u00f3n de fe y piedad popular que se vive en esta fecha, una de las m\u00e1s grandes a nivel mundial.<\/p>\n\n\n\n<p>Esta misma fe, tan propia del pueblo venezolano, la conocemos tambi\u00e9n aqu\u00ed, en la Argentina y en nuestra di\u00f3cesis, gracias a la presencia de tantos de ustedes en nuestras comunidades. Es una presencia que nos enriquece profundamente y que forma parte viva del camino de nuestra Iglesia.<\/p>\n\n\n\n<figure class=\"wp-block-image size-large\"><img loading=\"lazy\" decoding=\"async\" width=\"768\" height=\"1024\" src=\"https:\/\/enlamira.info\/wp-content\/uploads\/2026\/01\/615507107_1299968458833985_8635870367507613809_n-768x1024.jpg\" alt=\"\" class=\"wp-image-20846\" srcset=\"https:\/\/enlamira.info\/wp-content\/uploads\/2026\/01\/615507107_1299968458833985_8635870367507613809_n-768x1024.jpg 768w, https:\/\/enlamira.info\/wp-content\/uploads\/2026\/01\/615507107_1299968458833985_8635870367507613809_n-225x300.jpg 225w, https:\/\/enlamira.info\/wp-content\/uploads\/2026\/01\/615507107_1299968458833985_8635870367507613809_n.jpg 960w\" sizes=\"(max-width: 768px) 100vw, 768px\" \/><\/figure>\n\n\n\n<p>Con ustedes y por ustedes, por sus familias y por su querido pueblo, ofrecemos la Misa e invocamos la intercesi\u00f3n de la Divina Pastora. Es toda la Iglesia la que, en este tiempo, quiere estar cerca del pueblo venezolano, para que pueda hacerse realidad el anhelo que brota del coraz\u00f3n del Papa Le\u00f3n XIV, cuando pide que se respete la voluntad del pueblo venezolano y se trabaje por la protecci\u00f3n de los derechos humanos y civiles de todos, y por la construcci\u00f3n de un futuro de estabilidad y concordia, encontrando inspiraci\u00f3n en el ejemplo de dos hijos de este pueblo, recientemente canonizados: san Jos\u00e9 Gregorio Hern\u00e1ndez y santa Carmen Rendiles. De este modo \u2014nos dec\u00eda el Papa\u2014 se podr\u00e1 construir una sociedad fundada en la justicia, la verdad, la libertad y la fraternidad, y as\u00ed salir de la grave crisis que aflige al pa\u00eds desde hace muchos a\u00f1os.<\/p>\n\n\n\n<figure class=\"wp-block-image size-large\"><img loading=\"lazy\" decoding=\"async\" width=\"1024\" height=\"768\" src=\"https:\/\/enlamira.info\/wp-content\/uploads\/2026\/01\/615324743_1299968315500666_2806934571002099910_n-1024x768.jpg\" alt=\"\" class=\"wp-image-20847\" srcset=\"https:\/\/enlamira.info\/wp-content\/uploads\/2026\/01\/615324743_1299968315500666_2806934571002099910_n-1024x768.jpg 1024w, https:\/\/enlamira.info\/wp-content\/uploads\/2026\/01\/615324743_1299968315500666_2806934571002099910_n-300x225.jpg 300w, https:\/\/enlamira.info\/wp-content\/uploads\/2026\/01\/615324743_1299968315500666_2806934571002099910_n-768x576.jpg 768w, https:\/\/enlamira.info\/wp-content\/uploads\/2026\/01\/615324743_1299968315500666_2806934571002099910_n-1536x1152.jpg 1536w, https:\/\/enlamira.info\/wp-content\/uploads\/2026\/01\/615324743_1299968315500666_2806934571002099910_n.jpg 1600w\" sizes=\"(max-width: 1024px) 100vw, 1024px\" \/><\/figure>\n\n\n\n<p>El Evangelio de hoy nos muestra a Jes\u00fas atento al clamor de los que sufren. Lo vemos en el encuentro con la suegra de Pedro, y lo vemos tambi\u00e9n cuando la ciudad entera se re\u00fane delante de la puerta, llevando a Jes\u00fas a los enfermos que sufr\u00edan diversos males.<\/p>\n\n\n\n<p>El Se\u00f1or act\u00faa con misericordia: se inclina amorosamente frente a cada sufrimiento y se detiene ante cada persona. Queridos hermanos y hermanas, la misericordia del Se\u00f1or no es indiferente al dolor de nuestro pueblo. \u00c9l est\u00e1 cerca, \u00c9l escucha, \u00c9l cura nuestras heridas.<\/p>\n\n\n\n<p>Por eso, como pastor de esta Iglesia de Avellaneda-Lan\u00fas, uno mi voz a la toda la Iglesia en Argentina para decirles con claridad y con afecto: no est\u00e1n solos en el camino. Hace pocos d\u00edas contempl\u00e1bamos en la liturgia el misterio de la Sagrada Familia, obligada a huir a una tierra extranjera por las amenazas de Herodes, el poderoso de turno. Tambi\u00e9n a ustedes Dios les regala hoy la certeza de que \u00c9l cuida de los suyos: de quienes est\u00e1n aqu\u00ed, entre nosotros, y de quienes quedaron en la distancia.<\/p>\n\n\n\n<p>En este caminar muchas veces doloroso, no estamos solos. Hoy celebramos a Mar\u00eda como Divina Pastora, esa Madre que no abandona a su reba\u00f1o cuando llega la noche o cuando el camino se vuelve incierto. Ella conoce el desarraigo, el miedo, la huida y tambi\u00e9n la esperanza. Como Pastora buena, camina delante de su pueblo, lo cuida, lo sostiene y lo orienta, sin imponer, sin empujar, acompa\u00f1ando con ternura y con firmeza. Por eso el pueblo venezolano la quiere tanto: porque en Ella se reconoce acompa\u00f1ado, protegido y amado aun en medio de la prueba. Bajo su mirada maternal, el dolor no queda solo y la esperanza no se apaga.<\/p>\n\n\n\n<p>Como expresaba recientemente el mensaje de la Comisi\u00f3n Episcopal para la Pastoral de Migrantes e Itinerantes, \u201cno hay muro, frontera ni distancia que la oraci\u00f3n no pueda atravesar\u201d. Por eso hoy decimos con confianza: que la oraci\u00f3n ilumine sus corazones; mantengamos la esperanza, porque la oscuridad nunca tiene la \u00faltima palabra. Al estar juntos hoy, rezando y confiando, estamos dejando que la luz que viene de Dios ilumine la noche que el pueblo venezolano viene atravesando desde hace tanto tiempo.<\/p>\n\n\n\n<p>Finalmente, quisiera repetirles lo que ya les dec\u00eda en el mensaje que les envi\u00e9 el pasado 4 de enero: nuestra Iglesia quiere ser, tambi\u00e9n hoy, madre que acompa\u00f1a \u2014especialmente a los migrantes\u2014 y casa abierta donde el dolor se transforma en oraci\u00f3n y la esperanza se fortalece en comunidad. Sepan que aqu\u00ed tienen una casa. Y como Iglesia en Argentina, y aqu\u00ed en Avellaneda-Lan\u00fas, reafirmamos nuestro compromiso de acogerlos, protegerlos, promoverlos e integrarlos. Ustedes enriquecen nuestra tierra con su trabajo, con su alegr\u00eda y con su fe inquebrantable.<\/p>\n\n\n\n<p>Queridos hermanos y hermanas: frente a la suegra de Pedro, que estaba en cama con fiebre, el Evangelio nos dice que Jes\u00fas se acerc\u00f3, la tom\u00f3 de la mano y la hizo levantar, le pedimos a Jes\u00fas que tome al pueblo venezolano de la mano y lo levante. Esa es nuestra oraci\u00f3n y esa es nuestra esperanza. Eso es lo que hoy ponemos en el coraz\u00f3n de la Divina Pastora, Madre y Pastora de este pueblo, para que lo cuide, lo sostenga y lo gu\u00ede por los caminos de la justicia, la fraternidad y la paz.<\/p>\n\n\n\n<p>\u2629 Padre Obispo Marcelo (Maxi) Margni<br><em>Obispo de Avellaneda-Lan\u00fas<\/em><\/p>\n","protected":false},"excerpt":{"rendered":"<p>FIESTA DE LA DIVINA PASTORA,Y ORACI\u00d3N POR EL PUEBLO VENEZOLANO El mi\u00e9rcoles 14 de enero, fiesta de la Divina Pastora, la comunidad diocesana de Avellaneda-Lan\u00fas se reuni\u00f3 para poner en manos de Dios al pueblo venezolano: su historia, su presente y su esperanza, con el pedido por la paz, la justicia, el consuelo de quienes [&hellip;]<\/p>\n","protected":false},"author":4,"featured_media":20848,"comment_status":"open","ping_status":"open","sticky":false,"template":"","format":"standard","meta":{"footnotes":""},"categories":[1,30,5,34],"tags":[2114],"_links":{"self":[{"href":"https:\/\/enlamira.info\/index.php\/wp-json\/wp\/v2\/posts\/20842"}],"collection":[{"href":"https:\/\/enlamira.info\/index.php\/wp-json\/wp\/v2\/posts"}],"about":[{"href":"https:\/\/enlamira.info\/index.php\/wp-json\/wp\/v2\/types\/post"}],"author":[{"embeddable":true,"href":"https:\/\/enlamira.info\/index.php\/wp-json\/wp\/v2\/users\/4"}],"replies":[{"embeddable":true,"href":"https:\/\/enlamira.info\/index.php\/wp-json\/wp\/v2\/comments?post=20842"}],"version-history":[{"count":1,"href":"https:\/\/enlamira.info\/index.php\/wp-json\/wp\/v2\/posts\/20842\/revisions"}],"predecessor-version":[{"id":20850,"href":"https:\/\/enlamira.info\/index.php\/wp-json\/wp\/v2\/posts\/20842\/revisions\/20850"}],"wp:featuredmedia":[{"embeddable":true,"href":"https:\/\/enlamira.info\/index.php\/wp-json\/wp\/v2\/media\/20848"}],"wp:attachment":[{"href":"https:\/\/enlamira.info\/index.php\/wp-json\/wp\/v2\/media?parent=20842"}],"wp:term":[{"taxonomy":"category","embeddable":true,"href":"https:\/\/enlamira.info\/index.php\/wp-json\/wp\/v2\/categories?post=20842"},{"taxonomy":"post_tag","embeddable":true,"href":"https:\/\/enlamira.info\/index.php\/wp-json\/wp\/v2\/tags?post=20842"}],"curies":[{"name":"wp","href":"https:\/\/api.w.org\/{rel}","templated":true}]}}