{"id":20837,"date":"2026-01-14T00:38:30","date_gmt":"2026-01-14T03:38:30","guid":{"rendered":"https:\/\/enlamira.info\/?p=20837"},"modified":"2026-01-14T00:38:30","modified_gmt":"2026-01-14T03:38:30","slug":"detuvieron-en-quilmes-a-un-hombre-acusado-de-una-seguidilla-de-robos-en-farmacias-y-locales","status":"publish","type":"post","link":"https:\/\/enlamira.info\/index.php\/2026\/01\/14\/detuvieron-en-quilmes-a-un-hombre-acusado-de-una-seguidilla-de-robos-en-farmacias-y-locales\/","title":{"rendered":"Detuvieron en Quilmes a un hombre acusado de una seguidilla de robos en farmacias y locales"},"content":{"rendered":"\n<p>Seg\u00fan informaron fuentes policiales, los efectivos observaron el desplazamiento de un sujeto que llevaba una mochila y que reun\u00eda caracter\u00edsticas f\u00edsicas similares a las aportadas en diversas investigaciones por hechos delictivos ocurridos en las \u00faltimas semanas. Al intentar identificarlo, el hombre emprendi\u00f3 la fuga a pie, lo que dio inicio a una breve persecuci\u00f3n que finaliz\u00f3 en la intersecci\u00f3n de Andr\u00e9s Baranda y San Luis, donde finalmente fue interceptado.<\/p>\n\n\n\n<p>El sospechoso fue identificado. Al requisar la mochila que llevaba consigo, los uniformados encontraron una r\u00e9plica pl\u00e1stica de una pistola de color negra, un reloj pulsera con malla met\u00e1lica y varias prendas que presuntamente utilizaba para cambiar su apariencia: un gorro tipo piluso marr\u00f3n, un gorro con visera negro y un gorro tipo pasamonta\u00f1as del mismo color.<\/p>\n\n\n\n<p>Tras su traslado a la seccional Quilmes 3\u00aa, se constat\u00f3 que el detenido pose\u00eda un Pedido de Detenci\u00f3n Activo desde el 11 de diciembre de 2025, solicitado por el Juzgado de Garant\u00edas N\u00b01 del Departamento Judicial Quilmes, en el marco de una causa caratulada como \u201cRobo agravado por el uso de arma de fuego cuya aptitud para el disparo no pudo comprobarse\u201d, con intervenci\u00f3n de la UFI correspondiente.<\/p>\n\n\n\n<p>Adem\u00e1s, el detenido se encuentra imputado e investigado por una serie de robos ocurridos en distintos puntos de Quilmes y Bernal, que configuran un preocupante patr\u00f3n delictivo reiterado. Entre los hechos que se le atribuyen figuran:<\/p>\n\n\n\n<p>\u2022 El 7 de octubre de 2025, un robo en la farmacia Punto Farma, ubicada en Rivadavia y Alvear, en Quilmes Centro.<\/p>\n\n\n\n<p>\u2022 El 6 de noviembre de 2025, un il\u00edcito en la farmacia Maga Shop de Lebensohn y Las Heras, en Bernal.<\/p>\n\n\n\n<p>\u2022 El 10 de noviembre de 2025, un robo en el local de zapatillas Chelsea, situado en Alsina 185, Quilmes Centro.<\/p>\n\n\n\n<p>\u2022 El 12 de diciembre de 2025, un asalto en la panader\u00eda Costumbres Argentinas, en Andr\u00e9s Baranda y La Rioja.<\/p>\n\n\n\n<p>\u2022 El 24 de diciembre de 2025, dos hechos: uno en la farmacia Magashop de Rep\u00fablica del L\u00edbano y Andr\u00e9s Baranda, y otro en el supermercado D\u00eda % de 12 de Octubre y Marcelo T. de Alvear.<\/p>\n\n\n\n<p>\u2022 El 28 de diciembre de 2025, un nuevo robo en la farmacia Maga Shop de Andr\u00e9s Baranda y La Rioja.<\/p>\n","protected":false},"excerpt":{"rendered":"<p>Seg\u00fan informaron fuentes policiales, los efectivos observaron el desplazamiento de un sujeto que llevaba una mochila y que reun\u00eda caracter\u00edsticas f\u00edsicas similares a las aportadas en diversas investigaciones por hechos delictivos ocurridos en las \u00faltimas semanas. Al intentar identificarlo, el hombre emprendi\u00f3 la fuga a pie, lo que dio inicio a una breve persecuci\u00f3n que [&hellip;]<\/p>\n","protected":false},"author":4,"featured_media":20835,"comment_status":"open","ping_status":"open","sticky":false,"template":"","format":"standard","meta":{"footnotes":""},"categories":[1],"tags":[28,443],"_links":{"self":[{"href":"https:\/\/enlamira.info\/index.php\/wp-json\/wp\/v2\/posts\/20837"}],"collection":[{"href":"https:\/\/enlamira.info\/index.php\/wp-json\/wp\/v2\/posts"}],"about":[{"href":"https:\/\/enlamira.info\/index.php\/wp-json\/wp\/v2\/types\/post"}],"author":[{"embeddable":true,"href":"https:\/\/enlamira.info\/index.php\/wp-json\/wp\/v2\/users\/4"}],"replies":[{"embeddable":true,"href":"https:\/\/enlamira.info\/index.php\/wp-json\/wp\/v2\/comments?post=20837"}],"version-history":[{"count":1,"href":"https:\/\/enlamira.info\/index.php\/wp-json\/wp\/v2\/posts\/20837\/revisions"}],"predecessor-version":[{"id":20838,"href":"https:\/\/enlamira.info\/index.php\/wp-json\/wp\/v2\/posts\/20837\/revisions\/20838"}],"wp:featuredmedia":[{"embeddable":true,"href":"https:\/\/enlamira.info\/index.php\/wp-json\/wp\/v2\/media\/20835"}],"wp:attachment":[{"href":"https:\/\/enlamira.info\/index.php\/wp-json\/wp\/v2\/media?parent=20837"}],"wp:term":[{"taxonomy":"category","embeddable":true,"href":"https:\/\/enlamira.info\/index.php\/wp-json\/wp\/v2\/categories?post=20837"},{"taxonomy":"post_tag","embeddable":true,"href":"https:\/\/enlamira.info\/index.php\/wp-json\/wp\/v2\/tags?post=20837"}],"curies":[{"name":"wp","href":"https:\/\/api.w.org\/{rel}","templated":true}]}}