{"id":20808,"date":"2026-01-10T00:01:00","date_gmt":"2026-01-10T03:01:00","guid":{"rendered":"https:\/\/enlamira.info\/?p=20808"},"modified":"2026-01-09T23:33:14","modified_gmt":"2026-01-10T02:33:14","slug":"el-concejo-deliberante-de-berazategui-se-pronuncio-contra-edesur","status":"publish","type":"post","link":"https:\/\/enlamira.info\/index.php\/2026\/01\/10\/el-concejo-deliberante-de-berazategui-se-pronuncio-contra-edesur\/","title":{"rendered":"El Concejo Deliberante de Berazategui se pronunci\u00f3 contra Edesur"},"content":{"rendered":"\n<p>En l\u00ednea con las recientes acciones impulsadas por el intendente Carlos Balor, el Honorable Concejo Deliberante (HCD) de Berazategui manifest\u00f3 su m\u00e1s en\u00e9rgico repudio a los masivos y permanentes cortes del suministro el\u00e9ctrico por parte de la empresa Edesur S.A. Adem\u00e1s, a trav\u00e9s de una resoluci\u00f3n, se le exigi\u00f3 a la Compa\u00f1\u00eda la urgente implementaci\u00f3n de un Plan de Contingencia para el verano, la instalaci\u00f3n de una Guardia operativa en el distrito y la presentaci\u00f3n de un informe detallado sobre la inversi\u00f3n realizada en 2025 para mejorar el servicio.<\/p>\n\n\n\n<p>Frente a los reiterados cortes de luz que afectan el bienestar cotidiano de la comunidad, los comercios, las escuelas, los Centros de Salud y el normal funcionamiento de otros servicios esenciales -como la provisi\u00f3n de agua, por ejemplo-, el HCD de Berazategui decidi\u00f3 convocarse en sesi\u00f3n extraordinaria para abordar este problema que tanto aqueja a un gran n\u00famero de vecinos y vecinas del distrito, como consecuencia del mal desempe\u00f1o de la empresa Edesur S.A. y la inacci\u00f3n del Ente Nacional Regulador de la Electricidad (ENRE).<\/p>\n\n\n\n<p>Entre otras cosas, mediante la aprobaci\u00f3n de esta Resoluci\u00f3n (N\u00b0103), cuyo tratamiento cont\u00f3 con la participaci\u00f3n de todos los Bloques partidarios, el Concejo Deliberante de Berazategui le solicita a la empresa privada Edesur el cumplimiento de los siguientes \u00edtems: a) La implementaci\u00f3n urgente de un Plan de Contingencia para el verano 2025-2026, en l\u00ednea con el Plan de Obras 2024-2025 y las proyecciones para 2026; b) La instalaci\u00f3n de una Guardia operativa en Berazategui, con base en el Centro de Transformaci\u00f3n Rigolleau; y c) La presentaci\u00f3n de un informe detallado sobre la inversi\u00f3n realizada durante el a\u00f1o 2025 para mejorar el servicio en el distrito.<\/p>\n\n\n\n<p>\u201cNosotros somos concejales, representamos a los y las berazateguenses y, desde este lugar, sentimos que es fundamental acompa\u00f1ar a quienes est\u00e1n atravesando esta situaci\u00f3n tan compleja con los cortes de energ\u00eda el\u00e9ctrica. Sabemos que esta circunstancia, adem\u00e1s, repercute en la falta de agua, algo muy importante para la salud de nuestros vecinos y vecinas\u201d, explic\u00f3 la presidenta del Cuerpo, Luc\u00eda Vega. Y agreg\u00f3: \u201cPor eso, desde el Concejo Deliberante, decidimos apoyar las acciones judiciales contra Edesur impulsadas por el intendente municipal Carlos Balor y que en su momento inici\u00f3 el Dr. Juan Jos\u00e9 Mussi, quien logr\u00f3 una medida cautelar en 2023 que a\u00fan sigue vigente\u201d.<\/p>\n","protected":false},"excerpt":{"rendered":"<p>En l\u00ednea con las recientes acciones impulsadas por el intendente Carlos Balor, el Honorable Concejo Deliberante (HCD) de Berazategui manifest\u00f3 su m\u00e1s en\u00e9rgico repudio a los masivos y permanentes cortes del suministro el\u00e9ctrico por parte de la empresa Edesur S.A. Adem\u00e1s, a trav\u00e9s de una resoluci\u00f3n, se le exigi\u00f3 a la Compa\u00f1\u00eda la urgente implementaci\u00f3n [&hellip;]<\/p>\n","protected":false},"author":4,"featured_media":20810,"comment_status":"open","ping_status":"open","sticky":false,"template":"","format":"standard","meta":{"footnotes":""},"categories":[1],"tags":[17,28],"_links":{"self":[{"href":"https:\/\/enlamira.info\/index.php\/wp-json\/wp\/v2\/posts\/20808"}],"collection":[{"href":"https:\/\/enlamira.info\/index.php\/wp-json\/wp\/v2\/posts"}],"about":[{"href":"https:\/\/enlamira.info\/index.php\/wp-json\/wp\/v2\/types\/post"}],"author":[{"embeddable":true,"href":"https:\/\/enlamira.info\/index.php\/wp-json\/wp\/v2\/users\/4"}],"replies":[{"embeddable":true,"href":"https:\/\/enlamira.info\/index.php\/wp-json\/wp\/v2\/comments?post=20808"}],"version-history":[{"count":1,"href":"https:\/\/enlamira.info\/index.php\/wp-json\/wp\/v2\/posts\/20808\/revisions"}],"predecessor-version":[{"id":20809,"href":"https:\/\/enlamira.info\/index.php\/wp-json\/wp\/v2\/posts\/20808\/revisions\/20809"}],"wp:featuredmedia":[{"embeddable":true,"href":"https:\/\/enlamira.info\/index.php\/wp-json\/wp\/v2\/media\/20810"}],"wp:attachment":[{"href":"https:\/\/enlamira.info\/index.php\/wp-json\/wp\/v2\/media?parent=20808"}],"wp:term":[{"taxonomy":"category","embeddable":true,"href":"https:\/\/enlamira.info\/index.php\/wp-json\/wp\/v2\/categories?post=20808"},{"taxonomy":"post_tag","embeddable":true,"href":"https:\/\/enlamira.info\/index.php\/wp-json\/wp\/v2\/tags?post=20808"}],"curies":[{"name":"wp","href":"https:\/\/api.w.org\/{rel}","templated":true}]}}