{"id":20793,"date":"2026-01-08T00:04:00","date_gmt":"2026-01-08T03:04:00","guid":{"rendered":"https:\/\/enlamira.info\/?p=20793"},"modified":"2026-01-07T22:46:49","modified_gmt":"2026-01-08T01:46:49","slug":"longchamps-atacaron-y-le-robaron-la-bicicleta-a-un-bombero-voluntario-de-18-anos-cuando-iba-al-cuartel","status":"publish","type":"post","link":"https:\/\/enlamira.info\/index.php\/2026\/01\/08\/longchamps-atacaron-y-le-robaron-la-bicicleta-a-un-bombero-voluntario-de-18-anos-cuando-iba-al-cuartel\/","title":{"rendered":"Longchamps: Atacaron y le robaron la bicicleta a un bombero voluntario de 18 a\u00f1os cuando iba al cuartel"},"content":{"rendered":"\n<p>Un joven bombero voluntario de 18 a\u00f1os fue atacado y asaltado en la madrugada del 3 de enero en la localidad de Longchamps, partido de Almirante Brown, cuando se dirig\u00eda al destacamento tras escuchar una sirena de emergencia. El hecho ocurri\u00f3 a una cuadra y media de su vivienda, en el barrio Los Pinos.<\/p>\n\n\n\n<p>La v\u00edctima fue identificada como Mart\u00edn Su\u00e1rez, quien se prepar\u00f3 r\u00e1pidamente para concurrir al cuartel luego de o\u00edr una alarma. Seg\u00fan relat\u00f3, avis\u00f3 a sus compa\u00f1eros por WhatsApp que sal\u00eda rumbo al destacamento y emprendi\u00f3 el trayecto en bicicleta. En el camino, advirti\u00f3 la presencia de tres j\u00f3venes que caminaban en sentido contrario, a quienes inicialmente no les dio importancia.<\/p>\n\n\n\n<p>A pocos metros de su casa, uno de los atacantes lo persigui\u00f3, se abalanz\u00f3 sobre \u00e9l y le arrebat\u00f3 la bicicleta. \u201cUno me empez\u00f3 a correr, se me tir\u00f3 encima y me sac\u00f3 la bici. No me acuerdo m\u00e1s nada, ni siquiera c\u00f3mo volv\u00ed a casa\u201d, cont\u00f3 el joven, quien qued\u00f3 en estado de shock tras la agresi\u00f3n.<\/p>\n\n\n\n<p>Luego del ataque, Su\u00e1rez regres\u00f3 como pudo a su domicilio, donde fue asistido por su familia. Sus compa\u00f1eros del cuartel lo trasladaron a la Unidad de Pronta Atenci\u00f3n (UPA) N\u00b09 de Longchamps. Presentaba golpes, raspones y moretones, aunque en un primer momento intent\u00f3 minimizar las lesiones y atribuirlas a la ca\u00edda.<\/p>\n\n\n\n<p>Sin embargo, las im\u00e1genes tomadas posteriormente evidenciaron hematomas intercostales y en la frente, adem\u00e1s de cortes y escoriaciones. Su madre, Claudia, se\u00f1al\u00f3 que un vecino habr\u00eda presenciado la agresi\u00f3n y asegur\u00f3 que el joven sufri\u00f3 golpes en la cabeza, la cara y las costillas, por lo que deb\u00eda ser evaluado con estudios complementarios.<\/p>\n\n\n\n<p>Al d\u00eda siguiente del hecho, el joven volvi\u00f3 al destacamento, donde le tomaron fotograf\u00edas de las lesiones. Su familia indic\u00f3 que ten\u00eda dificultades para recordar algunos momentos posteriores al ataque y que deb\u00eda realizar reposo. Hasta el momento, no hubo novedades sobre la bicicleta robada, una Nordic rodado 29 de color negro, que utilizaba como medio de transporte para cumplir con su labor como bombero voluntario.<\/p>\n\n\n\n<p>La denuncia fue radicada en la Comisar\u00eda 4\u00b0 de Longchamps. Seg\u00fan indic\u00f3 la madre del joven, efectivos policiales realizaron rastrillajes en la zona y vecinos aportaron registros de c\u00e1maras de seguridad, aunque por ahora no se inform\u00f3 sobre detenidos ni sobre la recuperaci\u00f3n del rodado.<\/p>\n","protected":false},"excerpt":{"rendered":"<p>Un joven bombero voluntario de 18 a\u00f1os fue atacado y asaltado en la madrugada del 3 de enero en la localidad de Longchamps, partido de Almirante Brown, cuando se dirig\u00eda al destacamento tras escuchar una sirena de emergencia. El hecho ocurri\u00f3 a una cuadra y media de su vivienda, en el barrio Los Pinos. La [&hellip;]<\/p>\n","protected":false},"author":4,"featured_media":20788,"comment_status":"open","ping_status":"open","sticky":false,"template":"","format":"standard","meta":{"footnotes":""},"categories":[1],"tags":[28,2001],"_links":{"self":[{"href":"https:\/\/enlamira.info\/index.php\/wp-json\/wp\/v2\/posts\/20793"}],"collection":[{"href":"https:\/\/enlamira.info\/index.php\/wp-json\/wp\/v2\/posts"}],"about":[{"href":"https:\/\/enlamira.info\/index.php\/wp-json\/wp\/v2\/types\/post"}],"author":[{"embeddable":true,"href":"https:\/\/enlamira.info\/index.php\/wp-json\/wp\/v2\/users\/4"}],"replies":[{"embeddable":true,"href":"https:\/\/enlamira.info\/index.php\/wp-json\/wp\/v2\/comments?post=20793"}],"version-history":[{"count":1,"href":"https:\/\/enlamira.info\/index.php\/wp-json\/wp\/v2\/posts\/20793\/revisions"}],"predecessor-version":[{"id":20794,"href":"https:\/\/enlamira.info\/index.php\/wp-json\/wp\/v2\/posts\/20793\/revisions\/20794"}],"wp:featuredmedia":[{"embeddable":true,"href":"https:\/\/enlamira.info\/index.php\/wp-json\/wp\/v2\/media\/20788"}],"wp:attachment":[{"href":"https:\/\/enlamira.info\/index.php\/wp-json\/wp\/v2\/media?parent=20793"}],"wp:term":[{"taxonomy":"category","embeddable":true,"href":"https:\/\/enlamira.info\/index.php\/wp-json\/wp\/v2\/categories?post=20793"},{"taxonomy":"post_tag","embeddable":true,"href":"https:\/\/enlamira.info\/index.php\/wp-json\/wp\/v2\/tags?post=20793"}],"curies":[{"name":"wp","href":"https:\/\/api.w.org\/{rel}","templated":true}]}}